{"id":990,"date":"2025-03-09T06:58:10","date_gmt":"2025-03-09T05:58:10","guid":{"rendered":"https:\/\/vivremieux-aulnay.fr\/?p=990"},"modified":"2025-03-18T11:21:10","modified_gmt":"2025-03-18T10:21:10","slug":"invitation-cmmp-victoire-historique-des-associations-la-lutte-continue","status":"publish","type":"post","link":"https:\/\/vivremieux-aulnay.fr\/?p=990","title":{"rendered":"INVITATION: CMMP &#8211; Victoire historique des associations. La lutte continue !"},"content":{"rendered":"\n<p><br><strong>Pour la premi\u00e8re fois en France, une ancienne usine d\u2019amiante est condamn\u00e9e pour avoir pollu\u00e9. Le CMMP doit ainsi verser plus de 13 millions d\u2019euros \u00e0 la Commune d\u2019Aulnay-sous-Bois et indemniser trois associations.<\/strong><\/p>\n\n\n<div class=\"wp-block-image\">\n<figure class=\"alignright size-full is-resized\"><a href=\"https:\/\/vivremieux-aulnay.fr\/wp-content\/uploads\/2025\/03\/rencontre-du-20-mars-2025-V6.pdf\"><img loading=\"lazy\" decoding=\"async\" width=\"600\" height=\"848\" src=\"https:\/\/vivremieux-aulnay.fr\/wp-content\/uploads\/2025\/03\/rencontre-du-20-mars-2025-V6.png\" alt=\"\" class=\"wp-image-1001\" style=\"width:255px;height:auto\" srcset=\"https:\/\/vivremieux-aulnay.fr\/wp-content\/uploads\/2025\/03\/rencontre-du-20-mars-2025-V6.png 600w, https:\/\/vivremieux-aulnay.fr\/wp-content\/uploads\/2025\/03\/rencontre-du-20-mars-2025-V6-212x300.png 212w\" sizes=\"auto, (max-width: 600px) 100vw, 600px\" \/><\/a><\/figure>\n<\/div>\n\n\n<p>Apr\u00e8s 30&nbsp;ans de lutte citoyenne acharn\u00e9e des associations, la justice a enfin condamn\u00e9 le pollueur&nbsp;! Cette victoire historique est le fruit d\u2019un combat collectif men\u00e9 sans rel\u00e2che depuis 1995 par les victimes, les familles, les associations, ceux qui les ont soutenus et aid\u00e9s et toutes celles et ceux qui ont refus\u00e9 l\u2019impunit\u00e9. Pendant des d\u00e9cennies, le <strong>Comptoir des Min\u00e9raux et Mati\u00e8res Premi\u00e8res (CMMP) a broy\u00e9 de l\u2019amiante au c\u0153ur d\u2019Aulnay-sous-Bois<\/strong>, dispersant des fibres mortelles dans l\u2019air. Des centaines de riverains, travailleurs et anciens \u00e9l\u00e8ves de l\u2019\u00e9cole voisine ont d\u00e9velopp\u00e9 des maladies graves ou sont d\u00e9c\u00e9d\u00e9s. Malgr\u00e9 ses obligations l\u00e9gales, l\u2019entreprise a abandonn\u00e9 le site sans le d\u00e9polluer.<\/p>\n\n\n\n<p>Pour c\u00e9l\u00e9brer cette victoire et rendre hommage aux victimes et \u00e0 toutes celles et ceux qui ont contribu\u00e9 \u00e0 ce combat, nous vous invitons \u00e0 une soir\u00e9e conviviale et engag\u00e9e avec la participation de&nbsp;:<\/p>\n\n\n\n<ul class=\"wp-block-list\">\n<li><strong>Nicole Voide<\/strong>, Collectif des riverains et victimes du CMMP,<\/li>\n\n\n\n<li><strong>Ma\u00eetre Fran\u00e7ois Lafforgue<\/strong>, cabinet TTLA &amp; Associ\u00e9s, avocat des associations,<\/li>\n\n\n\n<li><strong>Annie Th\u00e9baud-Mony<\/strong> &amp; <strong>Virginie Dupeyroux<\/strong> Ban Asbestos France,<\/li>\n\n\n\n<li><strong>Alain Bobbio<\/strong>, Addeva 93,<\/li>\n\n\n\n<li><strong>Seval Ozmen<\/strong>, parente d\u2019\u00e9l\u00e8ve FCPE<\/li>\n\n\n\n<li><strong>Robert Halifax<\/strong>, Aulnay Environnement,<\/li>\n\n\n\n<li><strong>Des chercheuses et chercheurs<\/strong> du Giscop93,<\/li>\n<\/ul>\n\n\n\n<h3 class=\"wp-block-heading has-text-align-center\"><strong>Jeudi <\/strong><strong>20<\/strong><strong>mars<\/strong><strong> 202<\/strong><strong>5<\/strong><strong> \u00e0 partir de 19h<\/strong><strong>0<\/strong><strong>0<\/strong><\/h3>\n\n\n\n<p class=\"has-text-align-center\">Salle Dumont, Parc Dumont, face \u00e0 la gare RER d\u2019Aulnay-sous-Bois<\/p>\n\n\n\n<p class=\"has-text-align-center\"><strong>19h<\/strong><strong>0<\/strong><strong>0<\/strong> ap\u00e9ritif partag\u00e9 et visite de l\u2019exposition du Giscop 93 sur l\u2019ancienne usine d\u2019amiante d\u2019Aulnay. <strong>19h3<\/strong><strong>0<\/strong> rencontre-d\u00e9bat<\/p>\n\n\n\n<p><strong>ATTENTION <\/strong>: la rencontre-d\u00e9bat commence bien \u00e0 19h30, soit 30 min avant ce qui \u00e9tait indiqu\u00e9 dans une pr\u00e9c\u00e9dente version.<\/p>\n","protected":false},"excerpt":{"rendered":"<p>Pour la premi\u00e8re fois en France, une ancienne usine d\u2019amiante est condamn\u00e9e pour avoir pollu\u00e9. Le CMMP doit ainsi verser plus de 13 millions d\u2019euros \u00e0 la Commune d\u2019Aulnay-sous-Bois et indemniser trois associations. Apr\u00e8s 30&nbsp;ans de lutte citoyenne acharn\u00e9e des associations, la justice a enfin condamn\u00e9 le pollueur&nbsp;! Cette victoire historique est le fruit d\u2019un &hellip; <a href=\"https:\/\/vivremieux-aulnay.fr\/?p=990\" class=\"more-link\">Continuer la lecture de <span class=\"screen-reader-text\">INVITATION: CMMP &#8211; Victoire historique des associations. La lutte continue !<\/span> <span class=\"meta-nav\">&rarr;<\/span><\/a><\/p>\n","protected":false},"author":1,"featured_media":0,"comment_status":"open","ping_status":"open","sticky":false,"template":"","format":"standard","meta":{"footnotes":""},"categories":[3],"tags":[],"class_list":["post-990","post","type-post","status-publish","format-standard","hentry","category-les-rencontres-aulnaysiennes-de-vme"],"_links":{"self":[{"href":"https:\/\/vivremieux-aulnay.fr\/index.php?rest_route=\/wp\/v2\/posts\/990","targetHints":{"allow":["GET"]}}],"collection":[{"href":"https:\/\/vivremieux-aulnay.fr\/index.php?rest_route=\/wp\/v2\/posts"}],"about":[{"href":"https:\/\/vivremieux-aulnay.fr\/index.php?rest_route=\/wp\/v2\/types\/post"}],"author":[{"embeddable":true,"href":"https:\/\/vivremieux-aulnay.fr\/index.php?rest_route=\/wp\/v2\/users\/1"}],"replies":[{"embeddable":true,"href":"https:\/\/vivremieux-aulnay.fr\/index.php?rest_route=%2Fwp%2Fv2%2Fcomments&post=990"}],"version-history":[{"count":6,"href":"https:\/\/vivremieux-aulnay.fr\/index.php?rest_route=\/wp\/v2\/posts\/990\/revisions"}],"predecessor-version":[{"id":1004,"href":"https:\/\/vivremieux-aulnay.fr\/index.php?rest_route=\/wp\/v2\/posts\/990\/revisions\/1004"}],"wp:attachment":[{"href":"https:\/\/vivremieux-aulnay.fr\/index.php?rest_route=%2Fwp%2Fv2%2Fmedia&parent=990"}],"wp:term":[{"taxonomy":"category","embeddable":true,"href":"https:\/\/vivremieux-aulnay.fr\/index.php?rest_route=%2Fwp%2Fv2%2Fcategories&post=990"},{"taxonomy":"post_tag","embeddable":true,"href":"https:\/\/vivremieux-aulnay.fr\/index.php?rest_route=%2Fwp%2Fv2%2Ftags&post=990"}],"curies":[{"name":"wp","href":"https:\/\/api.w.org\/{rel}","templated":true}]}}