{"id":982,"date":"2025-02-07T16:59:03","date_gmt":"2025-02-07T15:59:03","guid":{"rendered":"https:\/\/vivremieux-aulnay.fr\/?p=982"},"modified":"2025-03-09T07:05:05","modified_gmt":"2025-03-09T06:05:05","slug":"invitation-face-aux-defis-de-la-mobilite-repenser-nos-deplacements","status":"publish","type":"post","link":"https:\/\/vivremieux-aulnay.fr\/?p=982","title":{"rendered":"INVITATION: Face aux d\u00e9fis de la mobilit\u00e9\u00a0: repenser nos d\u00e9placements\u00a0!"},"content":{"rendered":"\n<h2 class=\"wp-block-heading\">Rencontre avec Ludovic Bu, auteur du livre \u00ab\u00a0TOUT VOITURE, on arr\u00eate et on r\u00e9fl\u00e9chit !\u00a0\u00bb en collaboration avec MDB-AULNAY \u00e0 v\u00e9lo.<\/h2>\n\n\n<div class=\"wp-block-image\">\n<figure class=\"alignright size-full\"><a href=\"https:\/\/vivremieux-aulnay.fr\/wp-content\/uploads\/2025\/02\/rencontre-du-13-fevrier-2025-V3.pdf\"><img loading=\"lazy\" decoding=\"async\" width=\"300\" height=\"424\" src=\"https:\/\/vivremieux-aulnay.fr\/wp-content\/uploads\/2025\/02\/rencontre-du-13-fevrier-2025-V3.png\" alt=\"\" class=\"wp-image-987\" srcset=\"https:\/\/vivremieux-aulnay.fr\/wp-content\/uploads\/2025\/02\/rencontre-du-13-fevrier-2025-V3.png 300w, https:\/\/vivremieux-aulnay.fr\/wp-content\/uploads\/2025\/02\/rencontre-du-13-fevrier-2025-V3-212x300.png 212w\" sizes=\"auto, (max-width: 300px) 100vw, 300px\" \/><\/a><\/figure>\n<\/div>\n\n\n<p>La voiture individuelle domine nos d\u00e9placements depuis des d\u00e9cennies, mais \u00e0 quel prix&nbsp;? Pollution, congestion, s\u00e9dentarit\u00e9, d\u00e9pendance \u00e9nerg\u00e9tique\u2026 les d\u00e9fis sont nombreux.<\/p>\n\n\n\n<p>Dans son ouvrage \u201cTOUT-VOITURE\u201d, Ludovic Bu nous invite \u00e0 repenser notre rapport \u00e0 la mobilit\u00e9. En questionnant nos modes de transport actuels, il propose des solutions concr\u00e8tes et collectives pour sortir du \u201ctout-voiture\u201d et encourager des alternatives durables et inclusives.<\/p>\n\n\n\n<p>Nous vous invitons \u00e0 venir \u00e9changer, poser vos questions et r\u00e9fl\u00e9chir ensemble \u00e0 la mani\u00e8re dont nous pouvons transformer notre quotidien&nbsp;: bouchons, bruits, pollutions, violences routi\u00e8res, pour une mobilit\u00e9 plus durable \u00e0 Aulnay-sous-Bois.<\/p>\n\n\n\n<p><strong>Ludovic Bu<\/strong>, est sociologue et multi-entrepreneur, pr\u00e9sident de Moins Vite\u00a0!, une association de sensibilisation aux enjeux de la vitesse. Venez le rencontrer et participez \u00e0 une discussion essentielle autour des d\u00e9fis de la mobilit\u00e9.<\/p>\n\n\n\n<p><strong>Jeudi <\/strong><strong>13<\/strong><strong>f\u00e9vrier<\/strong><strong> 202<\/strong><strong>5<\/strong><strong> \u00e0 partir de 19h30<\/strong><\/p>\n\n\n\n<p>Salle Dumont, Parc Dumont, face \u00e0 la gare RER d\u2019Aulnay-sous-Bois  19h30 ap\u00e9ro partag\u00e9. 20\u00a0h rencontre qui sera suivie d\u2019une s\u00e9ance de d\u00e9dicaces.<\/p>\n","protected":false},"excerpt":{"rendered":"<p>Rencontre avec Ludovic Bu, auteur du livre \u00ab\u00a0TOUT VOITURE, on arr\u00eate et on r\u00e9fl\u00e9chit !\u00a0\u00bb en collaboration avec MDB-AULNAY \u00e0 v\u00e9lo. La voiture individuelle domine nos d\u00e9placements depuis des d\u00e9cennies, mais \u00e0 quel prix&nbsp;? Pollution, congestion, s\u00e9dentarit\u00e9, d\u00e9pendance \u00e9nerg\u00e9tique\u2026 les d\u00e9fis sont nombreux. Dans son ouvrage \u201cTOUT-VOITURE\u201d, Ludovic Bu nous invite \u00e0 repenser notre rapport &hellip; <a href=\"https:\/\/vivremieux-aulnay.fr\/?p=982\" class=\"more-link\">Continuer la lecture de <span class=\"screen-reader-text\">INVITATION: Face aux d\u00e9fis de la mobilit\u00e9\u00a0: repenser nos d\u00e9placements\u00a0!<\/span> <span class=\"meta-nav\">&rarr;<\/span><\/a><\/p>\n","protected":false},"author":1,"featured_media":0,"comment_status":"open","ping_status":"open","sticky":false,"template":"","format":"standard","meta":{"footnotes":""},"categories":[3],"tags":[],"class_list":["post-982","post","type-post","status-publish","format-standard","hentry","category-les-rencontres-aulnaysiennes-de-vme"],"_links":{"self":[{"href":"https:\/\/vivremieux-aulnay.fr\/index.php?rest_route=\/wp\/v2\/posts\/982","targetHints":{"allow":["GET"]}}],"collection":[{"href":"https:\/\/vivremieux-aulnay.fr\/index.php?rest_route=\/wp\/v2\/posts"}],"about":[{"href":"https:\/\/vivremieux-aulnay.fr\/index.php?rest_route=\/wp\/v2\/types\/post"}],"author":[{"embeddable":true,"href":"https:\/\/vivremieux-aulnay.fr\/index.php?rest_route=\/wp\/v2\/users\/1"}],"replies":[{"embeddable":true,"href":"https:\/\/vivremieux-aulnay.fr\/index.php?rest_route=%2Fwp%2Fv2%2Fcomments&post=982"}],"version-history":[{"count":3,"href":"https:\/\/vivremieux-aulnay.fr\/index.php?rest_route=\/wp\/v2\/posts\/982\/revisions"}],"predecessor-version":[{"id":988,"href":"https:\/\/vivremieux-aulnay.fr\/index.php?rest_route=\/wp\/v2\/posts\/982\/revisions\/988"}],"wp:attachment":[{"href":"https:\/\/vivremieux-aulnay.fr\/index.php?rest_route=%2Fwp%2Fv2%2Fmedia&parent=982"}],"wp:term":[{"taxonomy":"category","embeddable":true,"href":"https:\/\/vivremieux-aulnay.fr\/index.php?rest_route=%2Fwp%2Fv2%2Fcategories&post=982"},{"taxonomy":"post_tag","embeddable":true,"href":"https:\/\/vivremieux-aulnay.fr\/index.php?rest_route=%2Fwp%2Fv2%2Ftags&post=982"}],"curies":[{"name":"wp","href":"https:\/\/api.w.org\/{rel}","templated":true}]}}