{"id":942,"date":"2024-09-11T16:31:41","date_gmt":"2024-09-11T15:31:41","guid":{"rendered":"https:\/\/vivremieux-aulnay.fr\/?p=942"},"modified":"2024-09-11T16:32:03","modified_gmt":"2024-09-11T15:32:03","slug":"invitation-lecologie-peut-elle-reinventer-la-gauche","status":"publish","type":"post","link":"https:\/\/vivremieux-aulnay.fr\/?p=942","title":{"rendered":"INVITATION: L\u2019\u00e9cologie peut-elle r\u00e9inventer la gauche\u00a0?"},"content":{"rendered":"<div class=\"wp-block-image\">\n<figure class=\"alignright size-large is-resized\"><a href=\"https:\/\/vivremieux-aulnay.fr\/wp-content\/uploads\/2024\/09\/rencontre-du-19-septembre-2024-V2.pdf\"><img loading=\"lazy\" decoding=\"async\" width=\"724\" height=\"1024\" src=\"https:\/\/vivremieux-aulnay.fr\/wp-content\/uploads\/2024\/09\/rencontre-du-19-septembre-2024-V2-724x1024.jpg\" alt=\"\" class=\"wp-image-947\" style=\"width:281px;height:auto\" srcset=\"https:\/\/vivremieux-aulnay.fr\/wp-content\/uploads\/2024\/09\/rencontre-du-19-septembre-2024-V2-724x1024.jpg 724w, https:\/\/vivremieux-aulnay.fr\/wp-content\/uploads\/2024\/09\/rencontre-du-19-septembre-2024-V2-212x300.jpg 212w, https:\/\/vivremieux-aulnay.fr\/wp-content\/uploads\/2024\/09\/rencontre-du-19-septembre-2024-V2-768x1086.jpg 768w, https:\/\/vivremieux-aulnay.fr\/wp-content\/uploads\/2024\/09\/rencontre-du-19-septembre-2024-V2.jpg 800w\" sizes=\"auto, (max-width: 724px) 100vw, 724px\" \/><\/a><\/figure>\n<\/div>\n\n\n<p><strong>Rencontre avec Christophe Fourel \u00e0 l\u2019occasion de la sortie de son livre \u00ab\u00a0Ce que la gauche doit \u00e0 l\u2019\u00e9cologie\u00a0\u00bb<\/strong><\/p>\n\n\n\n<p>Pour cette rentr\u00e9e, nous aurons la chance de r\u00e9fl\u00e9chir \u00e0 la question de la gauche et comment peut-elle se r\u00e9inventer, notamment par l\u2019angle de l\u2019\u00e9cologie. Nous essaierons de comprendre pourquoi la pens\u00e9e \u00e9cologiste qui s\u2019est construite contre la gauche l\u2019a ensuite inspir\u00e9 pour la renouveler. Comment les questions \u00e9cologiques ont rejoint les partis progressistes&nbsp;? Nous aborderons l\u2019histoire politique, l\u2019h\u00e9ritage libertaire, la question du progr\u00e8s, le renouveau de la gauche et le d\u00e9bat anim\u00e9 sur le mot d\u00e9croissance.<\/p>\n\n\n\n<p>Nous avons la chance de recevoir Christophe Fourel, co-auteur du livre \u00ab&nbsp;Ce que la gauche doit \u00e0 l\u2019\u00e9cologie&nbsp;\u00bb publi\u00e9 en mars dernier. Cet essai a \u00e9t\u00e9 \u00e9crit \u00e0 trois avec C\u00e9line Marty, docteur en Philosophie et auteure, et Clara Ruault, chercheuse en philosophie \u00e0 l\u2019Universit\u00e9 de Columbia.<\/p>\n\n\n\n<p><strong>Christophe Fourel<\/strong>, est \u00e9conomiste de formation et sp\u00e9cialiste de la pens\u00e9e d\u2019Andr\u00e9 Gorz, est administrateur d\u2019Alternatives \u00e9conomiques et coanimateur du Mouvement convivialiste. Coauteur d\u2019\u00c9cologie et r\u00e9volution. Pacifier l\u2019existence, Andr\u00e9 Gorz\/Herbert Marcuse, un dialogue critique (Les Petits Matins, 2022)<\/p>\n\n\n\n<p>Vous pouvez le rencontrer <strong>Jeudi 19septembre 2024 \u00e0 partir de 19h30<\/strong> Salle Dumont, Parc Dumont, face \u00e0 la gare RER d\u2019Aulnay-sous-Bois,  19h30 ap\u00e9ro partag\u00e9. 20&nbsp;h rencontre qui sera suivie d\u2019une d\u00e9dicace<\/p>\n","protected":false},"excerpt":{"rendered":"<p>Rencontre avec Christophe Fourel \u00e0 l\u2019occasion de la sortie de son livre \u00ab\u00a0Ce que la gauche doit \u00e0 l\u2019\u00e9cologie\u00a0\u00bb Pour cette rentr\u00e9e, nous aurons la chance de r\u00e9fl\u00e9chir \u00e0 la question de la gauche et comment peut-elle se r\u00e9inventer, notamment par l\u2019angle de l\u2019\u00e9cologie. Nous essaierons de comprendre pourquoi la pens\u00e9e \u00e9cologiste qui s\u2019est construite &hellip; <a href=\"https:\/\/vivremieux-aulnay.fr\/?p=942\" class=\"more-link\">Continuer la lecture de <span class=\"screen-reader-text\">INVITATION: L\u2019\u00e9cologie peut-elle r\u00e9inventer la gauche\u00a0?<\/span> <span class=\"meta-nav\">&rarr;<\/span><\/a><\/p>\n","protected":false},"author":1,"featured_media":0,"comment_status":"open","ping_status":"open","sticky":false,"template":"","format":"standard","meta":{"footnotes":""},"categories":[3],"tags":[],"class_list":["post-942","post","type-post","status-publish","format-standard","hentry","category-les-rencontres-aulnaysiennes-de-vme"],"_links":{"self":[{"href":"https:\/\/vivremieux-aulnay.fr\/index.php?rest_route=\/wp\/v2\/posts\/942","targetHints":{"allow":["GET"]}}],"collection":[{"href":"https:\/\/vivremieux-aulnay.fr\/index.php?rest_route=\/wp\/v2\/posts"}],"about":[{"href":"https:\/\/vivremieux-aulnay.fr\/index.php?rest_route=\/wp\/v2\/types\/post"}],"author":[{"embeddable":true,"href":"https:\/\/vivremieux-aulnay.fr\/index.php?rest_route=\/wp\/v2\/users\/1"}],"replies":[{"embeddable":true,"href":"https:\/\/vivremieux-aulnay.fr\/index.php?rest_route=%2Fwp%2Fv2%2Fcomments&post=942"}],"version-history":[{"count":4,"href":"https:\/\/vivremieux-aulnay.fr\/index.php?rest_route=\/wp\/v2\/posts\/942\/revisions"}],"predecessor-version":[{"id":949,"href":"https:\/\/vivremieux-aulnay.fr\/index.php?rest_route=\/wp\/v2\/posts\/942\/revisions\/949"}],"wp:attachment":[{"href":"https:\/\/vivremieux-aulnay.fr\/index.php?rest_route=%2Fwp%2Fv2%2Fmedia&parent=942"}],"wp:term":[{"taxonomy":"category","embeddable":true,"href":"https:\/\/vivremieux-aulnay.fr\/index.php?rest_route=%2Fwp%2Fv2%2Fcategories&post=942"},{"taxonomy":"post_tag","embeddable":true,"href":"https:\/\/vivremieux-aulnay.fr\/index.php?rest_route=%2Fwp%2Fv2%2Ftags&post=942"}],"curies":[{"name":"wp","href":"https:\/\/api.w.org\/{rel}","templated":true}]}}