{"id":926,"date":"2024-05-07T21:36:44","date_gmt":"2024-05-07T20:36:44","guid":{"rendered":"https:\/\/vivremieux-aulnay.fr\/?p=926"},"modified":"2024-05-07T21:44:15","modified_gmt":"2024-05-07T20:44:15","slug":"invitation-rencontre-avec-jade-lindgaard","status":"publish","type":"post","link":"https:\/\/vivremieux-aulnay.fr\/?p=926","title":{"rendered":"INVITATION : Rencontre avec Jade Lindgaard"},"content":{"rendered":"<div class=\"wp-block-image\">\n<figure class=\"alignright size-medium\"><a href=\"https:\/\/vivremieux-aulnay.fr\/wp-content\/uploads\/2024\/05\/rencontre-du-16-mai-2024-V2.pdf\"><img loading=\"lazy\" decoding=\"async\" width=\"212\" height=\"300\" src=\"https:\/\/vivremieux-aulnay.fr\/wp-content\/uploads\/2024\/05\/rencontre-du-16-mai-2024-V2-212x300.jpg\" alt=\"\" class=\"wp-image-929\" srcset=\"https:\/\/vivremieux-aulnay.fr\/wp-content\/uploads\/2024\/05\/rencontre-du-16-mai-2024-V2-212x300.jpg 212w, https:\/\/vivremieux-aulnay.fr\/wp-content\/uploads\/2024\/05\/rencontre-du-16-mai-2024-V2-724x1024.jpg 724w, https:\/\/vivremieux-aulnay.fr\/wp-content\/uploads\/2024\/05\/rencontre-du-16-mai-2024-V2-768x1087.jpg 768w, https:\/\/vivremieux-aulnay.fr\/wp-content\/uploads\/2024\/05\/rencontre-du-16-mai-2024-V2.jpg 826w\" sizes=\"auto, (max-width: 212px) 100vw, 212px\" \/><\/a><\/figure>\n<\/div>\n\n\n<p><strong>\u00e0 l\u2019occasion de la sortie de son livre \u00ab&nbsp;Une ville face \u00e0 la violence olympique&nbsp;\u00bb<\/strong><\/p>\n\n\n\n<p>Nous avions r\u00eav\u00e9 d\u2019une grande f\u00eate&nbsp;! Celle de la rencontre des peuples, des amateurs de courses \u00e0 pied, des fanas de badminton, des tabl\u00e9es chaleureuses m\u00ealant les recettes et les plats, les hourras et les larmes, une rencontre de la fraternit\u00e9 et de la paix\u2026 Les femmes et les hommes de Seine-Saint-Denis au c\u0153ur de l\u2019\u00e9v\u00e9nement, vibrant dans et hors des stades\u2026<br>Jade Lindgaard nous raconte une autre r\u00e9alit\u00e9\u2026<\/p>\n\n\n\n<p><strong>Jade Lindgaard<\/strong>, est une journaliste et auteure de nombreux ouvrage. Elle travaille \u00e0 Mediapart o\u00f9 elle est responsable du p\u00f4le \u00e9cologie.<\/p>\n\n\n\n<p><strong>Jeudi 16 mai 2024 \u00e0 partir de 19h30<\/strong> Salle Dumont, Parc Dumont, face \u00e0 la gare RER d\u2019Aulnay-sous-Bois 19h30 ap\u00e9ro partag\u00e9. 20&nbsp;h rencontre qui sera suivie d\u2019une d\u00e9dicace<\/p>\n","protected":false},"excerpt":{"rendered":"<p>\u00e0 l\u2019occasion de la sortie de son livre \u00ab&nbsp;Une ville face \u00e0 la violence olympique&nbsp;\u00bb Nous avions r\u00eav\u00e9 d\u2019une grande f\u00eate&nbsp;! Celle de la rencontre des peuples, des amateurs de courses \u00e0 pied, des fanas de badminton, des tabl\u00e9es chaleureuses m\u00ealant les recettes et les plats, les hourras et les larmes, une rencontre de la &hellip; <a href=\"https:\/\/vivremieux-aulnay.fr\/?p=926\" class=\"more-link\">Continuer la lecture de <span class=\"screen-reader-text\">INVITATION : Rencontre avec Jade Lindgaard<\/span> <span class=\"meta-nav\">&rarr;<\/span><\/a><\/p>\n","protected":false},"author":1,"featured_media":0,"comment_status":"open","ping_status":"open","sticky":false,"template":"","format":"standard","meta":{"footnotes":""},"categories":[3,1],"tags":[],"class_list":["post-926","post","type-post","status-publish","format-standard","hentry","category-les-rencontres-aulnaysiennes-de-vme","category-non-classe"],"_links":{"self":[{"href":"https:\/\/vivremieux-aulnay.fr\/index.php?rest_route=\/wp\/v2\/posts\/926","targetHints":{"allow":["GET"]}}],"collection":[{"href":"https:\/\/vivremieux-aulnay.fr\/index.php?rest_route=\/wp\/v2\/posts"}],"about":[{"href":"https:\/\/vivremieux-aulnay.fr\/index.php?rest_route=\/wp\/v2\/types\/post"}],"author":[{"embeddable":true,"href":"https:\/\/vivremieux-aulnay.fr\/index.php?rest_route=\/wp\/v2\/users\/1"}],"replies":[{"embeddable":true,"href":"https:\/\/vivremieux-aulnay.fr\/index.php?rest_route=%2Fwp%2Fv2%2Fcomments&post=926"}],"version-history":[{"count":4,"href":"https:\/\/vivremieux-aulnay.fr\/index.php?rest_route=\/wp\/v2\/posts\/926\/revisions"}],"predecessor-version":[{"id":933,"href":"https:\/\/vivremieux-aulnay.fr\/index.php?rest_route=\/wp\/v2\/posts\/926\/revisions\/933"}],"wp:attachment":[{"href":"https:\/\/vivremieux-aulnay.fr\/index.php?rest_route=%2Fwp%2Fv2%2Fmedia&parent=926"}],"wp:term":[{"taxonomy":"category","embeddable":true,"href":"https:\/\/vivremieux-aulnay.fr\/index.php?rest_route=%2Fwp%2Fv2%2Fcategories&post=926"},{"taxonomy":"post_tag","embeddable":true,"href":"https:\/\/vivremieux-aulnay.fr\/index.php?rest_route=%2Fwp%2Fv2%2Ftags&post=926"}],"curies":[{"name":"wp","href":"https:\/\/api.w.org\/{rel}","templated":true}]}}