{"id":918,"date":"2024-04-14T09:48:45","date_gmt":"2024-04-14T08:48:45","guid":{"rendered":"https:\/\/vivremieux-aulnay.fr\/?p=918"},"modified":"2024-04-14T09:49:53","modified_gmt":"2024-04-14T08:49:53","slug":"invitation-cest-pas-grave-la-vie","status":"publish","type":"post","link":"https:\/\/vivremieux-aulnay.fr\/?p=918","title":{"rendered":"INVITATION: C\u2019est pas grave la Vie"},"content":{"rendered":"\n<h2 class=\"wp-block-heading\">Spectacle<\/h2>\n\n\n<div class=\"wp-block-image\">\n<figure class=\"alignright size-large is-resized\"><a href=\"https:\/\/vivremieux-aulnay.fr\/wp-content\/uploads\/2024\/04\/rencontre-du-25-avril-2024V4b.pdf\"><img loading=\"lazy\" decoding=\"async\" width=\"724\" height=\"1024\" src=\"https:\/\/vivremieux-aulnay.fr\/wp-content\/uploads\/2024\/04\/rencontre-du-25-avril-2024V4b-724x1024.jpg\" alt=\"\" class=\"wp-image-922\" style=\"width:262px;height:auto\" srcset=\"https:\/\/vivremieux-aulnay.fr\/wp-content\/uploads\/2024\/04\/rencontre-du-25-avril-2024V4b-724x1024.jpg 724w, https:\/\/vivremieux-aulnay.fr\/wp-content\/uploads\/2024\/04\/rencontre-du-25-avril-2024V4b-212x300.jpg 212w, https:\/\/vivremieux-aulnay.fr\/wp-content\/uploads\/2024\/04\/rencontre-du-25-avril-2024V4b-768x1087.jpg 768w, https:\/\/vivremieux-aulnay.fr\/wp-content\/uploads\/2024\/04\/rencontre-du-25-avril-2024V4b.jpg 826w\" sizes=\"auto, (max-width: 724px) 100vw, 724px\" \/><\/a><\/figure>\n<\/div>\n\n\n<p>\u00c0 VME, on aime explorer des territoires vari\u00e9s, celui du sensible, de la po\u00e9sie, de la vuln\u00e9rabilit\u00e9\u2026 essentiels dans un monde de comp\u00e9tition, de performance et de punchlines. Nous pensons que l\u2019art sous toutes ses formes ouvre des portes, des r\u00e9flexions et inspirations pour agir dans notre monde, celui de demain\u2026 et vivre mieux ensemble.<\/p>\n\n\n\n<p>L&rsquo;\u00e9t\u00e9 dernier, l\u2019artiste Sophie Decaunes fait une rencontre avec quatre contes traditionnels, d\u00e9m\u00ealant leurs fils pour nous proposer un spectacle m\u00ealant peines et joies, gros mots tels que la Maladie, la Malchance, la Mort, Dieu, mais aussi la Vie, la Gr\u00e2ce, la Chance et l\u2019Amour, refl\u00e9tant notre humanit\u00e9. Avec des histoires cisel\u00e9es, des chansons et de l\u2019accord\u00e9on, elle \u00e9voque l&rsquo;espoir et le temps qui passe.<\/p>\n\n\n\n<p>Elle nous parle de la possibilit\u00e9 du rebond, qui permet de choisir, de changer de route, d\u2019ouvrir les yeux, d\u2019all\u00e9ger les c\u0153urs. Cette possibilit\u00e9 de traverser les difficult\u00e9s et de go\u00fbter la joie et la l\u00e9g\u00e8ret\u00e9, malgr\u00e9 tout, \u00e0 travers tout. Nous partagerons un bord de sc\u00e8ne d\u2019\u00e9changes avec l\u2019artiste. Nous prendrons le temps du partage&nbsp;!<\/p>\n\n\n\n<p><strong>Sophie Decaunes<\/strong>, est une artiste \u00ab\u00a0touchatou\u00a0\u00bb, sp\u00e9cialiste \u00ab&nbsp;dans la cr\u00e9ation d\u2019univers, de cocons permettant l\u2019\u00e9closion de certaines questions-r\u00e9flexions dans la r\u00e9union-communion avec d\u2019autres&nbsp;\u00bb.<\/p>\n\n\n\n<p><strong>Jeudi 25 avril 2024 \u00e0 partir de 19h30<\/strong>, Salle Dumont, Parc Dumont, face \u00e0 la gare RER d&rsquo;Aulnay-sous-Bois, <strong>Libre participation aux frais<\/strong> \u2013 19h30 ap\u00e9ro partag\u00e9. 20&nbsp;h spectacle<\/p>\n","protected":false},"excerpt":{"rendered":"<p>Spectacle \u00c0 VME, on aime explorer des territoires vari\u00e9s, celui du sensible, de la po\u00e9sie, de la vuln\u00e9rabilit\u00e9\u2026 essentiels dans un monde de comp\u00e9tition, de performance et de punchlines. Nous pensons que l\u2019art sous toutes ses formes ouvre des portes, des r\u00e9flexions et inspirations pour agir dans notre monde, celui de demain\u2026 et vivre mieux &hellip; <a href=\"https:\/\/vivremieux-aulnay.fr\/?p=918\" class=\"more-link\">Continuer la lecture de <span class=\"screen-reader-text\">INVITATION: C\u2019est pas grave la Vie<\/span> <span class=\"meta-nav\">&rarr;<\/span><\/a><\/p>\n","protected":false},"author":1,"featured_media":0,"comment_status":"open","ping_status":"open","sticky":false,"template":"","format":"standard","meta":{"footnotes":""},"categories":[3],"tags":[],"class_list":["post-918","post","type-post","status-publish","format-standard","hentry","category-les-rencontres-aulnaysiennes-de-vme"],"_links":{"self":[{"href":"https:\/\/vivremieux-aulnay.fr\/index.php?rest_route=\/wp\/v2\/posts\/918","targetHints":{"allow":["GET"]}}],"collection":[{"href":"https:\/\/vivremieux-aulnay.fr\/index.php?rest_route=\/wp\/v2\/posts"}],"about":[{"href":"https:\/\/vivremieux-aulnay.fr\/index.php?rest_route=\/wp\/v2\/types\/post"}],"author":[{"embeddable":true,"href":"https:\/\/vivremieux-aulnay.fr\/index.php?rest_route=\/wp\/v2\/users\/1"}],"replies":[{"embeddable":true,"href":"https:\/\/vivremieux-aulnay.fr\/index.php?rest_route=%2Fwp%2Fv2%2Fcomments&post=918"}],"version-history":[{"count":3,"href":"https:\/\/vivremieux-aulnay.fr\/index.php?rest_route=\/wp\/v2\/posts\/918\/revisions"}],"predecessor-version":[{"id":924,"href":"https:\/\/vivremieux-aulnay.fr\/index.php?rest_route=\/wp\/v2\/posts\/918\/revisions\/924"}],"wp:attachment":[{"href":"https:\/\/vivremieux-aulnay.fr\/index.php?rest_route=%2Fwp%2Fv2%2Fmedia&parent=918"}],"wp:term":[{"taxonomy":"category","embeddable":true,"href":"https:\/\/vivremieux-aulnay.fr\/index.php?rest_route=%2Fwp%2Fv2%2Fcategories&post=918"},{"taxonomy":"post_tag","embeddable":true,"href":"https:\/\/vivremieux-aulnay.fr\/index.php?rest_route=%2Fwp%2Fv2%2Ftags&post=918"}],"curies":[{"name":"wp","href":"https:\/\/api.w.org\/{rel}","templated":true}]}}