{"id":909,"date":"2024-02-04T11:30:13","date_gmt":"2024-02-04T10:30:13","guid":{"rendered":"https:\/\/vivremieux-aulnay.fr\/?p=909"},"modified":"2024-02-04T11:44:12","modified_gmt":"2024-02-04T10:44:12","slug":"invitation-quelle-ile-de-france-pour-demain","status":"publish","type":"post","link":"https:\/\/vivremieux-aulnay.fr\/?p=909","title":{"rendered":"INVITATION : Quelle \u00cele-de-France pour demain ?"},"content":{"rendered":"\n<h2 class=\"wp-block-heading\">Donnons notre avis !<\/h2>\n\n\n<div class=\"wp-block-image\">\n<figure class=\"alignright size-large is-resized\"><a href=\"https:\/\/vivremieux-aulnay.fr\/wp-content\/uploads\/2024\/02\/20240208_sdrife_rev1.pdf\"><img loading=\"lazy\" decoding=\"async\" width=\"724\" height=\"1024\" src=\"https:\/\/vivremieux-aulnay.fr\/wp-content\/uploads\/2024\/02\/20240208_sdrife_rev1-724x1024.jpg\" alt=\"\" class=\"wp-image-911\" style=\"width:322px;height:auto\" srcset=\"https:\/\/vivremieux-aulnay.fr\/wp-content\/uploads\/2024\/02\/20240208_sdrife_rev1-724x1024.jpg 724w, https:\/\/vivremieux-aulnay.fr\/wp-content\/uploads\/2024\/02\/20240208_sdrife_rev1-212x300.jpg 212w, https:\/\/vivremieux-aulnay.fr\/wp-content\/uploads\/2024\/02\/20240208_sdrife_rev1-768x1086.jpg 768w, https:\/\/vivremieux-aulnay.fr\/wp-content\/uploads\/2024\/02\/20240208_sdrife_rev1.jpg 794w\" sizes=\"auto, (max-width: 724px) 100vw, 724px\" \/><\/a><\/figure>\n<\/div>\n\n\n<p>L\u2019utilisation de nos sols, nos transports, nos \u00e9quipements, notre environnement, l\u2019urbanisme de nos villes, seront d\u00e9termin\u00e9s par le <strong>Sch\u00e9ma Directeur de la R\u00e9gion \u00cele-de-France<\/strong> soumis \u00e0 <strong>enqu\u00eate publique du 1er f\u00e9vrier au 16 mars 2024<\/strong>.<\/p>\n\n\n\n<p>Le SDRIF-E (\u00ab E \u00bb pour Environnemental\u2026) propos\u00e9 r\u00e9pond-il aux enjeux sociaux, climatiques, \u00e9conomiques, sanitaires, de biodiversit\u00e9 ?<\/p>\n\n\n\n<p>Comment participer \u00e0 <a href=\"https:\/\/www.registre-numerique.fr\/sdrif-e\">l\u2019enqu\u00eate publique<\/a> ? Soutenir une lutte locale ?<\/p>\n\n\n\n<p>Scientifiques, juristes, \u00ab convaincu.e.s que la pratique naturaliste ne doit pas se r\u00e9sumer \u00e0 la seule contemplation ou \u00e0 l&rsquo;inventaire du d\u00e9sastre \u00bb, les <strong>Naturalistes des Terres<\/strong> apportent leur expertise aux luttes locales.<\/p>\n\n\n\n<p><strong>Jeudi 8 fevrier 2024 \u00e0 19h45<\/strong>, salle Dumont, Parc Dumont, face \u00e0 la gare RER B d\u2019Aulnay-sous-Bois, <strong>Kamm<\/strong> Naturaliste des Terres sera notre invit\u00e9e.<\/p>\n","protected":false},"excerpt":{"rendered":"<p>Donnons notre avis ! L\u2019utilisation de nos sols, nos transports, nos \u00e9quipements, notre environnement, l\u2019urbanisme de nos villes, seront d\u00e9termin\u00e9s par le Sch\u00e9ma Directeur de la R\u00e9gion \u00cele-de-France soumis \u00e0 enqu\u00eate publique du 1er f\u00e9vrier au 16 mars 2024. Le SDRIF-E (\u00ab E \u00bb pour Environnemental\u2026) propos\u00e9 r\u00e9pond-il aux enjeux sociaux, climatiques, \u00e9conomiques, sanitaires, de &hellip; <a href=\"https:\/\/vivremieux-aulnay.fr\/?p=909\" class=\"more-link\">Continuer la lecture de <span class=\"screen-reader-text\">INVITATION : Quelle \u00cele-de-France pour demain ?<\/span> <span class=\"meta-nav\">&rarr;<\/span><\/a><\/p>\n","protected":false},"author":1,"featured_media":0,"comment_status":"open","ping_status":"open","sticky":false,"template":"","format":"standard","meta":{"footnotes":""},"categories":[3],"tags":[],"class_list":["post-909","post","type-post","status-publish","format-standard","hentry","category-les-rencontres-aulnaysiennes-de-vme"],"_links":{"self":[{"href":"https:\/\/vivremieux-aulnay.fr\/index.php?rest_route=\/wp\/v2\/posts\/909","targetHints":{"allow":["GET"]}}],"collection":[{"href":"https:\/\/vivremieux-aulnay.fr\/index.php?rest_route=\/wp\/v2\/posts"}],"about":[{"href":"https:\/\/vivremieux-aulnay.fr\/index.php?rest_route=\/wp\/v2\/types\/post"}],"author":[{"embeddable":true,"href":"https:\/\/vivremieux-aulnay.fr\/index.php?rest_route=\/wp\/v2\/users\/1"}],"replies":[{"embeddable":true,"href":"https:\/\/vivremieux-aulnay.fr\/index.php?rest_route=%2Fwp%2Fv2%2Fcomments&post=909"}],"version-history":[{"count":3,"href":"https:\/\/vivremieux-aulnay.fr\/index.php?rest_route=\/wp\/v2\/posts\/909\/revisions"}],"predecessor-version":[{"id":916,"href":"https:\/\/vivremieux-aulnay.fr\/index.php?rest_route=\/wp\/v2\/posts\/909\/revisions\/916"}],"wp:attachment":[{"href":"https:\/\/vivremieux-aulnay.fr\/index.php?rest_route=%2Fwp%2Fv2%2Fmedia&parent=909"}],"wp:term":[{"taxonomy":"category","embeddable":true,"href":"https:\/\/vivremieux-aulnay.fr\/index.php?rest_route=%2Fwp%2Fv2%2Fcategories&post=909"},{"taxonomy":"post_tag","embeddable":true,"href":"https:\/\/vivremieux-aulnay.fr\/index.php?rest_route=%2Fwp%2Fv2%2Ftags&post=909"}],"curies":[{"name":"wp","href":"https:\/\/api.w.org\/{rel}","templated":true}]}}