{"id":901,"date":"2024-01-10T10:46:33","date_gmt":"2024-01-10T09:46:33","guid":{"rendered":"https:\/\/vivremieux-aulnay.fr\/?p=901"},"modified":"2024-01-10T10:46:34","modified_gmt":"2024-01-10T09:46:34","slug":"invitation-viens-avec-ton-arbre","status":"publish","type":"post","link":"https:\/\/vivremieux-aulnay.fr\/?p=901","title":{"rendered":"Invitation : Viens avec ton arbre\u00a0!"},"content":{"rendered":"\n<p><strong>Une soir\u00e9e pour raconter l\u2019arbre qui est en nous, \u00e0 travers les contes, les histoires, les chansons, les photos\u2026<\/strong><\/p>\n\n\n<div class=\"wp-block-image\">\n<figure class=\"alignright size-large is-resized\"><a href=\"https:\/\/vivremieux-aulnay.fr\/wp-content\/uploads\/2024\/01\/rencontre-du-18-janvier-2024-V4.pdf\"><img decoding=\"async\" src=\"https:\/\/vivremieux-aulnay.fr\/wp-content\/uploads\/2024\/01\/rencontre-du-18-janvier-2024-V4-pdf.jpg\" alt=\"\" style=\"width:295px;height:auto\"\/><\/a><\/figure>\n<\/div>\n\n\n<p>Vous avez s\u00fbrement remarqu\u00e9 que l\u2019embl\u00e8me de notre association est l\u2019arbre, un arbre color\u00e9, aux feuilles plurielles\u2026 Pour nos <strong>dix ans d\u2019existence<\/strong>, nous revenons \u00e0 nos racines, \u00e0 cet arbre aux multiples facettes, lieu de vie et d\u2019\u00e9changes, apport d\u2019oxyg\u00e8ne et de fra\u00eecheur, de belles rencontres et de paroles partag\u00e9es, de r\u00e9sistances et de vie\u2026 Et vous\u00a0? quel est cet arbre qui a marqu\u00e9 votre existence, votre imaginaire, votre paysage familier\u2026<\/p>\n\n\n\n<p>Nous ferons connaissance ensemble de vos arbres \u00e0 travers le murmure de nos voix, la po\u00e9sie de nos r\u00e9cits, la diversit\u00e9 de nos quotidiens, pour aborder ensuite les questions soci\u00e9tales, scientifiques et politiques\u2026 Il y aura cet homme qui a fait reculer le d\u00e9sert\u2026 cet air fredonn\u00e9, cette \u00e9motion ressentie\u2026 Et comme explique Aur\u00e9lien Barrau, le po\u00e8te est celui qui conna\u00eet le monde avec pr\u00e9cision mais qui s\u2019astreint \u00e0 chaque fois \u00e0 le r\u00e9inventer. Nous pourrons ainsi passer du sensible au scientifique, du po\u00e9tique au politique.<\/p>\n\n\n\n<p>Nous invitons chacune et chacun \u00e0 pr\u00e9parer ou choisir un po\u00e8me, une chanson, un dessin, une photo, un t\u00e9moignage, un extrait de film, un petit message, une pr\u00e9sentation, une revendication\u2026 car tous ensemble tout est possible&nbsp;!<\/p>\n\n\n\n<p class=\"has-text-align-center\"><strong>Jeudi 18 janvier 2024 \u00e0 partir de 19h30<\/strong><br>Salle Dumont, Parc Dumont, face \u00e0 la gare RER d&rsquo;Aulnay-sous-Bois<br>La soir\u00e9e commen\u00e7ant par un ap\u00e9ro partag\u00e9<\/p>\n","protected":false},"excerpt":{"rendered":"<p>Une soir\u00e9e pour raconter l\u2019arbre qui est en nous, \u00e0 travers les contes, les histoires, les chansons, les photos\u2026 Vous avez s\u00fbrement remarqu\u00e9 que l\u2019embl\u00e8me de notre association est l\u2019arbre, un arbre color\u00e9, aux feuilles plurielles\u2026 Pour nos dix ans d\u2019existence, nous revenons \u00e0 nos racines, \u00e0 cet arbre aux multiples facettes, lieu de vie &hellip; <a href=\"https:\/\/vivremieux-aulnay.fr\/?p=901\" class=\"more-link\">Continuer la lecture de <span class=\"screen-reader-text\">Invitation : Viens avec ton arbre\u00a0!<\/span> <span class=\"meta-nav\">&rarr;<\/span><\/a><\/p>\n","protected":false},"author":1,"featured_media":0,"comment_status":"open","ping_status":"open","sticky":false,"template":"","format":"standard","meta":{"footnotes":""},"categories":[3],"tags":[],"class_list":["post-901","post","type-post","status-publish","format-standard","hentry","category-les-rencontres-aulnaysiennes-de-vme"],"_links":{"self":[{"href":"https:\/\/vivremieux-aulnay.fr\/index.php?rest_route=\/wp\/v2\/posts\/901","targetHints":{"allow":["GET"]}}],"collection":[{"href":"https:\/\/vivremieux-aulnay.fr\/index.php?rest_route=\/wp\/v2\/posts"}],"about":[{"href":"https:\/\/vivremieux-aulnay.fr\/index.php?rest_route=\/wp\/v2\/types\/post"}],"author":[{"embeddable":true,"href":"https:\/\/vivremieux-aulnay.fr\/index.php?rest_route=\/wp\/v2\/users\/1"}],"replies":[{"embeddable":true,"href":"https:\/\/vivremieux-aulnay.fr\/index.php?rest_route=%2Fwp%2Fv2%2Fcomments&post=901"}],"version-history":[{"count":3,"href":"https:\/\/vivremieux-aulnay.fr\/index.php?rest_route=\/wp\/v2\/posts\/901\/revisions"}],"predecessor-version":[{"id":906,"href":"https:\/\/vivremieux-aulnay.fr\/index.php?rest_route=\/wp\/v2\/posts\/901\/revisions\/906"}],"wp:attachment":[{"href":"https:\/\/vivremieux-aulnay.fr\/index.php?rest_route=%2Fwp%2Fv2%2Fmedia&parent=901"}],"wp:term":[{"taxonomy":"category","embeddable":true,"href":"https:\/\/vivremieux-aulnay.fr\/index.php?rest_route=%2Fwp%2Fv2%2Fcategories&post=901"},{"taxonomy":"post_tag","embeddable":true,"href":"https:\/\/vivremieux-aulnay.fr\/index.php?rest_route=%2Fwp%2Fv2%2Ftags&post=901"}],"curies":[{"name":"wp","href":"https:\/\/api.w.org\/{rel}","templated":true}]}}