{"id":892,"date":"2023-12-09T11:05:47","date_gmt":"2023-12-09T10:05:47","guid":{"rendered":"https:\/\/vivremieux-aulnay.fr\/?p=892"},"modified":"2023-12-09T11:05:49","modified_gmt":"2023-12-09T10:05:49","slug":"invitation-les-rencontres-qui-changent-la-vie","status":"publish","type":"post","link":"https:\/\/vivremieux-aulnay.fr\/?p=892","title":{"rendered":"Invitation :  Les rencontres qui changent la vie"},"content":{"rendered":"<div class=\"wp-block-image\">\n<figure class=\"alignright size-medium\"><img loading=\"lazy\" decoding=\"async\" width=\"212\" height=\"300\" src=\"https:\/\/vivremieux-aulnay.fr\/wp-content\/uploads\/2023\/12\/rencontre-du-21-decembre-2023-V2-212x300.jpg\" alt=\"\" class=\"wp-image-894\" srcset=\"https:\/\/vivremieux-aulnay.fr\/wp-content\/uploads\/2023\/12\/rencontre-du-21-decembre-2023-V2-212x300.jpg 212w, https:\/\/vivremieux-aulnay.fr\/wp-content\/uploads\/2023\/12\/rencontre-du-21-decembre-2023-V2-724x1024.jpg 724w, https:\/\/vivremieux-aulnay.fr\/wp-content\/uploads\/2023\/12\/rencontre-du-21-decembre-2023-V2-768x1087.jpg 768w, https:\/\/vivremieux-aulnay.fr\/wp-content\/uploads\/2023\/12\/rencontre-du-21-decembre-2023-V2.jpg 826w\" sizes=\"auto, (max-width: 212px) 100vw, 212px\" \/><\/figure>\n<\/div>\n\n\n<p>Celle d\u2019un couple qui accueille chez eux un homme qui n\u2019a rien. Celle d\u2019un homme sauv\u00e9 des flots\u2026 le d\u00e9but de deux grandes histoires qui vont transformer leurs vies.<br>L\u2019une est la trame d\u2019un roman, l&rsquo;autre d\u2019un moment de vie et le d\u00e9but d\u2019un travail journalistique\u2026 deux approches de l\u2019accueil, leurs joies, leurs doutes, leurs transformations humaines\u2026 C\u2019est aussi \u00e0 une double rencontre que nous vous invitons, entre la litt\u00e9rature et la solidarit\u00e9, le journalisme et une France qui accueille\u2026 Venez go\u00fbter \u00e0 la joie de cette rencontre, de la fraternit\u00e9 en action, de cette alt\u00e9rit\u00e9 qui transforme et humanise\u2026 Venez \u00e0 cette rencontre entre deux femmes autrice et journaliste avec deux r\u00e9cits porteurs d\u2019espoir.<\/p>\n\n\n\n<p><strong>B\u00e9atrice Forestier-Th\u00e9riez<\/strong>, autrice, a grandi en Seine-Saint-Denis, o\u00f9 elle a choisi d\u2019enseigner, elle s\u2019int\u00e9resse aux personnes extra-ordinaires et \u00e0 leurs parcours parfois difficiles. Elle publie son deuxi\u00e8me roman\u00a0: \u00ab\u00a0En mer et contre tout\u00a0\u00bb. Vous comprendrez que sauver un homme n\u2019est pas sans cons\u00e9quence\u2026<\/p>\n\n\n\n<p><strong>Julia Montfort<\/strong>, journaliste, citoyenne et humaniste habite en Seine-Saint-Denis. Elle donne la parole \u00e0 cette \u00ab\u00a0France invisible et solidaire qui agit\u00a0\u00bb. \u00c0 travers ses carnets de solidarit\u00e9, elle nous parle de cette main tendue \u00e0 ces femmes et hommes exil\u00e9s\u2026 et d\u00e9crypte un monde en mouvement\u2026<\/p>\n\n\n\n<p><strong>Jeudi 21 d\u00e9cembre 2023 \u00e0 partir de 19h30<\/strong><br>Salle Dumont, Parc Dumont, face \u00e0 la gare RER d&rsquo;Aulnay-sous-Bois<\/p>\n","protected":false},"excerpt":{"rendered":"<p>Celle d\u2019un couple qui accueille chez eux un homme qui n\u2019a rien. Celle d\u2019un homme sauv\u00e9 des flots\u2026 le d\u00e9but de deux grandes histoires qui vont transformer leurs vies.L\u2019une est la trame d\u2019un roman, l&rsquo;autre d\u2019un moment de vie et le d\u00e9but d\u2019un travail journalistique\u2026 deux approches de l\u2019accueil, leurs joies, leurs doutes, leurs transformations &hellip; <a href=\"https:\/\/vivremieux-aulnay.fr\/?p=892\" class=\"more-link\">Continuer la lecture de <span class=\"screen-reader-text\">Invitation :  Les rencontres qui changent la vie<\/span> <span class=\"meta-nav\">&rarr;<\/span><\/a><\/p>\n","protected":false},"author":1,"featured_media":0,"comment_status":"open","ping_status":"open","sticky":false,"template":"","format":"standard","meta":{"footnotes":""},"categories":[3],"tags":[],"class_list":["post-892","post","type-post","status-publish","format-standard","hentry","category-les-rencontres-aulnaysiennes-de-vme"],"_links":{"self":[{"href":"https:\/\/vivremieux-aulnay.fr\/index.php?rest_route=\/wp\/v2\/posts\/892","targetHints":{"allow":["GET"]}}],"collection":[{"href":"https:\/\/vivremieux-aulnay.fr\/index.php?rest_route=\/wp\/v2\/posts"}],"about":[{"href":"https:\/\/vivremieux-aulnay.fr\/index.php?rest_route=\/wp\/v2\/types\/post"}],"author":[{"embeddable":true,"href":"https:\/\/vivremieux-aulnay.fr\/index.php?rest_route=\/wp\/v2\/users\/1"}],"replies":[{"embeddable":true,"href":"https:\/\/vivremieux-aulnay.fr\/index.php?rest_route=%2Fwp%2Fv2%2Fcomments&post=892"}],"version-history":[{"count":3,"href":"https:\/\/vivremieux-aulnay.fr\/index.php?rest_route=\/wp\/v2\/posts\/892\/revisions"}],"predecessor-version":[{"id":899,"href":"https:\/\/vivremieux-aulnay.fr\/index.php?rest_route=\/wp\/v2\/posts\/892\/revisions\/899"}],"wp:attachment":[{"href":"https:\/\/vivremieux-aulnay.fr\/index.php?rest_route=%2Fwp%2Fv2%2Fmedia&parent=892"}],"wp:term":[{"taxonomy":"category","embeddable":true,"href":"https:\/\/vivremieux-aulnay.fr\/index.php?rest_route=%2Fwp%2Fv2%2Fcategories&post=892"},{"taxonomy":"post_tag","embeddable":true,"href":"https:\/\/vivremieux-aulnay.fr\/index.php?rest_route=%2Fwp%2Fv2%2Ftags&post=892"}],"curies":[{"name":"wp","href":"https:\/\/api.w.org\/{rel}","templated":true}]}}