{"id":883,"date":"2023-11-07T17:33:26","date_gmt":"2023-11-07T16:33:26","guid":{"rendered":"https:\/\/vivremieux-aulnay.fr\/?p=883"},"modified":"2023-11-07T17:33:27","modified_gmt":"2023-11-07T16:33:27","slug":"invitation-comprendre-la-transidentite-ecouter-partager-avec-des-personnes-concernees","status":"publish","type":"post","link":"https:\/\/vivremieux-aulnay.fr\/?p=883","title":{"rendered":"Invitation : Comprendre la transidentit\u00e9, \u00e9couter, partager avec des personnes concern\u00e9es"},"content":{"rendered":"<div class=\"wp-block-image\">\n<figure class=\"alignright size-medium\"><a href=\"https:\/\/vivremieux-aulnay.fr\/wp-content\/uploads\/2023\/11\/rencontre-du-16-novembre-2023-V3.pdf\"><img loading=\"lazy\" decoding=\"async\" width=\"212\" height=\"300\" src=\"https:\/\/vivremieux-aulnay.fr\/wp-content\/uploads\/2023\/11\/rencontre-du-16-novembre-2023-V3-212x300.png\" alt=\"\" class=\"wp-image-888\" srcset=\"https:\/\/vivremieux-aulnay.fr\/wp-content\/uploads\/2023\/11\/rencontre-du-16-novembre-2023-V3-212x300.png 212w, https:\/\/vivremieux-aulnay.fr\/wp-content\/uploads\/2023\/11\/rencontre-du-16-novembre-2023-V3-724x1024.png 724w, https:\/\/vivremieux-aulnay.fr\/wp-content\/uploads\/2023\/11\/rencontre-du-16-novembre-2023-V3-768x1087.png 768w, https:\/\/vivremieux-aulnay.fr\/wp-content\/uploads\/2023\/11\/rencontre-du-16-novembre-2023-V3.png 826w\" sizes=\"auto, (max-width: 212px) 100vw, 212px\" \/><\/a><\/figure>\n<\/div>\n\n\n<p>Il nous a sembl\u00e9 important d\u2019\u00e9changer avec des personnes concern\u00e9es par la transidentit\u00e9, trop souvent \u00e9loign\u00e9es des \u00e9changes publics parfois caricaturaux.<\/p>\n\n\n\n<p>Nous aurons la chance de pouvoir \u00e9couter&nbsp;:<\/p>\n\n\n\n<ul class=\"wp-block-list\">\n<li>un lyc\u00e9en, qui veut faire mieux comprendre la situation que vivent nombre de jeunes de ce pays : <strong>Leo, un lyc\u00e9en concern\u00e9 et militant<\/strong>, \u00e0 16&nbsp;ans il a mont\u00e9 une association de mobilisation lyc\u00e9enne et souhaite t\u00e9moigner<\/li>\n\n\n\n<li>des responsables associatifs qui nous donneront l\u2019\u00e9tat des enjeux soci\u00e9taux, du v\u00e9cu et de la situation fran\u00e7aise et de part le monde des personnes concern\u00e9es par la transidentit\u00e9.\n<ul class=\"wp-block-list\">\n<li><strong>Julia Torlet, association SOS homophobie<\/strong>, cor\u00e9f\u00e9rent\u00b7e des Interventions et Sensibilisations pour Adultes qui nous permettra de cerner les discriminations auxquelles les personnes trans sont confront\u00e9es<\/li>\n\n\n\n<li><strong>Jean-Fran\u00e7ois Chevallier, association Amnesty International Aulnay-sous-Bois<\/strong><br>pour un regard sur la situation des trans au travers le monde<\/li>\n<\/ul>\n<\/li>\n<\/ul>\n\n\n\n<p><strong>Jeudi 16 novembre 2023 <\/strong>\u00e0 partir de 19h30, Salle Dumont, Parc Dumont, face \u00e0 la gare RER d&rsquo;Aulnay-sous-Bois<\/p>\n","protected":false},"excerpt":{"rendered":"<p>Il nous a sembl\u00e9 important d\u2019\u00e9changer avec des personnes concern\u00e9es par la transidentit\u00e9, trop souvent \u00e9loign\u00e9es des \u00e9changes publics parfois caricaturaux. Nous aurons la chance de pouvoir \u00e9couter&nbsp;: Jeudi 16 novembre 2023 \u00e0 partir de 19h30, Salle Dumont, Parc Dumont, face \u00e0 la gare RER d&rsquo;Aulnay-sous-Bois<\/p>\n","protected":false},"author":1,"featured_media":0,"comment_status":"open","ping_status":"open","sticky":false,"template":"","format":"standard","meta":{"footnotes":""},"categories":[18,3],"tags":[],"class_list":["post-883","post","type-post","status-publish","format-standard","hentry","category-discriminations","category-les-rencontres-aulnaysiennes-de-vme"],"_links":{"self":[{"href":"https:\/\/vivremieux-aulnay.fr\/index.php?rest_route=\/wp\/v2\/posts\/883","targetHints":{"allow":["GET"]}}],"collection":[{"href":"https:\/\/vivremieux-aulnay.fr\/index.php?rest_route=\/wp\/v2\/posts"}],"about":[{"href":"https:\/\/vivremieux-aulnay.fr\/index.php?rest_route=\/wp\/v2\/types\/post"}],"author":[{"embeddable":true,"href":"https:\/\/vivremieux-aulnay.fr\/index.php?rest_route=\/wp\/v2\/users\/1"}],"replies":[{"embeddable":true,"href":"https:\/\/vivremieux-aulnay.fr\/index.php?rest_route=%2Fwp%2Fv2%2Fcomments&post=883"}],"version-history":[{"count":4,"href":"https:\/\/vivremieux-aulnay.fr\/index.php?rest_route=\/wp\/v2\/posts\/883\/revisions"}],"predecessor-version":[{"id":890,"href":"https:\/\/vivremieux-aulnay.fr\/index.php?rest_route=\/wp\/v2\/posts\/883\/revisions\/890"}],"wp:attachment":[{"href":"https:\/\/vivremieux-aulnay.fr\/index.php?rest_route=%2Fwp%2Fv2%2Fmedia&parent=883"}],"wp:term":[{"taxonomy":"category","embeddable":true,"href":"https:\/\/vivremieux-aulnay.fr\/index.php?rest_route=%2Fwp%2Fv2%2Fcategories&post=883"},{"taxonomy":"post_tag","embeddable":true,"href":"https:\/\/vivremieux-aulnay.fr\/index.php?rest_route=%2Fwp%2Fv2%2Ftags&post=883"}],"curies":[{"name":"wp","href":"https:\/\/api.w.org\/{rel}","templated":true}]}}