{"id":876,"date":"2023-10-06T21:05:36","date_gmt":"2023-10-06T20:05:36","guid":{"rendered":"https:\/\/vivremieux-aulnay.fr\/?p=876"},"modified":"2023-10-06T21:05:37","modified_gmt":"2023-10-06T20:05:37","slug":"invitation-rencontre-avec-les-auteurs-remedium-et-simon-louvet","status":"publish","type":"post","link":"https:\/\/vivremieux-aulnay.fr\/?p=876","title":{"rendered":"Invitation: Rencontre avec les auteurs Remedium et Simon Louvet"},"content":{"rendered":"<div class=\"wp-block-image\">\n<figure class=\"alignright size-medium\"><a href=\"https:\/\/vivremieux-aulnay.fr\/wp-content\/uploads\/2023\/10\/rencontre-du-19-octobre-2023-V5.pdf\"><img loading=\"lazy\" decoding=\"async\" width=\"212\" height=\"300\" src=\"https:\/\/vivremieux-aulnay.fr\/wp-content\/uploads\/2023\/10\/rencontre-du-19-octobre-2023-V5-212x300.png\" alt=\"\" class=\"wp-image-877\" srcset=\"https:\/\/vivremieux-aulnay.fr\/wp-content\/uploads\/2023\/10\/rencontre-du-19-octobre-2023-V5-212x300.png 212w, https:\/\/vivremieux-aulnay.fr\/wp-content\/uploads\/2023\/10\/rencontre-du-19-octobre-2023-V5-724x1024.png 724w, https:\/\/vivremieux-aulnay.fr\/wp-content\/uploads\/2023\/10\/rencontre-du-19-octobre-2023-V5-768x1087.png 768w, https:\/\/vivremieux-aulnay.fr\/wp-content\/uploads\/2023\/10\/rencontre-du-19-octobre-2023-V5.png 826w\" sizes=\"auto, (max-width: 212px) 100vw, 212px\" \/><\/a><\/figure>\n<\/div>\n\n\n<p><strong>Ils signent la BD \u00ab&nbsp;Isidore et Simone, juifs en r\u00e9sistance&nbsp;\u00bb<\/strong><\/p>\n\n\n\n<p>Aulnay-sous-Bois fait partie des premi\u00e8res dates de d\u00e9dicaces pour accompagner la sortie du livre \u201c<em>Isidore et Simone, Juifs en r\u00e9sistance<\/em>\u201d&nbsp;! Simon Louvet et Remedium Timoris vous attendent pour la pr\u00e9sentation de la bande dessin\u00e9e, suivie d\u2019une s\u00e9ance de d\u00e9dicace.<\/p>\n\n\n\n<p>Une famille qui vit paisiblement&nbsp;\u00e0 Metz, voit sa vie percut\u00e9e par la d\u00e9claration de guerre du 3 septembre 1939. Isidore est rappel\u00e9 aux arm\u00e9es alors que Simone est enceinte de leur deuxi\u00e8me fille, la grand-m\u00e8re d\u2019un des auteurs. Autour de cette famille fran\u00e7aise, le monde s\u2019emballe. Et tout bascule.<\/p>\n\n\n\n<p>C\u2019est ce tourbillon qui a embarqu\u00e9 toute une famille que Simon Louvet, au texte et l\u2019auteur Remedium, artiste du 93, au dessin ont voulu raconter&nbsp;\u00e0 deux. Un \u00e9norme travail dans les archives que nos deux auteurs viennent pr\u00e9senter&nbsp;:<\/p>\n\n\n\n<p class=\"has-text-align-center\"><strong>Jeudi 19 octobre 2023 \u00e0 partir de 19h30<\/strong><br>Ap\u00e9ro-repas partag\u00e9 \/ rencontre litt\u00e9raire\/ d\u00e9dicace \/ stand librairie<br>Salle Dumont, Parc Dumont, face \u00e0 la gare RER d&rsquo;Aulnay-sous-Bois<\/p>\n","protected":false},"excerpt":{"rendered":"<p>Ils signent la BD \u00ab&nbsp;Isidore et Simone, juifs en r\u00e9sistance&nbsp;\u00bb Aulnay-sous-Bois fait partie des premi\u00e8res dates de d\u00e9dicaces pour accompagner la sortie du livre \u201cIsidore et Simone, Juifs en r\u00e9sistance\u201d&nbsp;! Simon Louvet et Remedium Timoris vous attendent pour la pr\u00e9sentation de la bande dessin\u00e9e, suivie d\u2019une s\u00e9ance de d\u00e9dicace. Une famille qui vit paisiblement&nbsp;\u00e0 Metz, &hellip; <a href=\"https:\/\/vivremieux-aulnay.fr\/?p=876\" class=\"more-link\">Continuer la lecture de <span class=\"screen-reader-text\">Invitation: Rencontre avec les auteurs Remedium et Simon Louvet<\/span> <span class=\"meta-nav\">&rarr;<\/span><\/a><\/p>\n","protected":false},"author":1,"featured_media":0,"comment_status":"open","ping_status":"open","sticky":false,"template":"","format":"standard","meta":{"footnotes":""},"categories":[3],"tags":[],"class_list":["post-876","post","type-post","status-publish","format-standard","hentry","category-les-rencontres-aulnaysiennes-de-vme"],"_links":{"self":[{"href":"https:\/\/vivremieux-aulnay.fr\/index.php?rest_route=\/wp\/v2\/posts\/876","targetHints":{"allow":["GET"]}}],"collection":[{"href":"https:\/\/vivremieux-aulnay.fr\/index.php?rest_route=\/wp\/v2\/posts"}],"about":[{"href":"https:\/\/vivremieux-aulnay.fr\/index.php?rest_route=\/wp\/v2\/types\/post"}],"author":[{"embeddable":true,"href":"https:\/\/vivremieux-aulnay.fr\/index.php?rest_route=\/wp\/v2\/users\/1"}],"replies":[{"embeddable":true,"href":"https:\/\/vivremieux-aulnay.fr\/index.php?rest_route=%2Fwp%2Fv2%2Fcomments&post=876"}],"version-history":[{"count":2,"href":"https:\/\/vivremieux-aulnay.fr\/index.php?rest_route=\/wp\/v2\/posts\/876\/revisions"}],"predecessor-version":[{"id":881,"href":"https:\/\/vivremieux-aulnay.fr\/index.php?rest_route=\/wp\/v2\/posts\/876\/revisions\/881"}],"wp:attachment":[{"href":"https:\/\/vivremieux-aulnay.fr\/index.php?rest_route=%2Fwp%2Fv2%2Fmedia&parent=876"}],"wp:term":[{"taxonomy":"category","embeddable":true,"href":"https:\/\/vivremieux-aulnay.fr\/index.php?rest_route=%2Fwp%2Fv2%2Fcategories&post=876"},{"taxonomy":"post_tag","embeddable":true,"href":"https:\/\/vivremieux-aulnay.fr\/index.php?rest_route=%2Fwp%2Fv2%2Ftags&post=876"}],"curies":[{"name":"wp","href":"https:\/\/api.w.org\/{rel}","templated":true}]}}