{"id":864,"date":"2023-05-18T09:04:52","date_gmt":"2023-05-18T08:04:52","guid":{"rendered":"https:\/\/vivremieux-aulnay.fr\/?p=864"},"modified":"2023-05-18T09:05:19","modified_gmt":"2023-05-18T08:05:19","slug":"invitation-ldh-la-defense-des-libertes-en-danger","status":"publish","type":"post","link":"https:\/\/vivremieux-aulnay.fr\/?p=864","title":{"rendered":"Invitation : LDH\u00a0&#8211; La d\u00e9fense des libert\u00e9s en danger"},"content":{"rendered":"<div class=\"wp-block-image\">\n<figure class=\"alignright size-large is-resized\"><a href=\"https:\/\/vivremieux-aulnay.fr\/wp-content\/uploads\/2023\/05\/rencontre-du-25-mai-2023.pdf\"><img loading=\"lazy\" decoding=\"async\" src=\"https:\/\/vivremieux-aulnay.fr\/wp-content\/uploads\/2023\/05\/rencontre-du-25-mai-2023-724x1024.jpg\" alt=\"\" class=\"wp-image-868\" width=\"362\" height=\"512\" srcset=\"https:\/\/vivremieux-aulnay.fr\/wp-content\/uploads\/2023\/05\/rencontre-du-25-mai-2023-724x1024.jpg 724w, https:\/\/vivremieux-aulnay.fr\/wp-content\/uploads\/2023\/05\/rencontre-du-25-mai-2023-212x300.jpg 212w, https:\/\/vivremieux-aulnay.fr\/wp-content\/uploads\/2023\/05\/rencontre-du-25-mai-2023-768x1087.jpg 768w, https:\/\/vivremieux-aulnay.fr\/wp-content\/uploads\/2023\/05\/rencontre-du-25-mai-2023.jpg 826w\" sizes=\"auto, (max-width: 362px) 100vw, 362px\" \/><\/a><\/figure>\n<\/div>\n\n\n<p>Vivre mieux Ensemble re\u00e7oit la Ligue des Droits de l\u2019Homme, association active fond\u00e9e il y a 125\u00a0ans \u00e0 l\u2019occasion de l\u2019affaire Dreyfus. Nos invit\u00e9s sont\u00a0:<\/p>\n\n\n\n<ul class=\"wp-block-list\">\n<li><strong>Nathalie Tehio<\/strong>, avocate, membre du bureau national de la LDH, membre de l\u2019Observatoire des libert\u00e9s publiques de la LDH Paris\u2026 <\/li>\n\n\n\n<li>et des militantes et militants de la LDH de Seine-Saint-Denis<\/li>\n<\/ul>\n\n\n\n<p>Dans quelle mesure <strong>les libert\u00e9s en France<\/strong>, telles que la libert\u00e9 d\u2019expression, de manifester, de d\u00e9battre, de s\u2019associer et d\u2019\u00eatre en d\u00e9saccord avec les autorit\u00e9s nationales ou locales, sont-elles v\u00e9ritablement pr\u00e9serv\u00e9es&nbsp;?<\/p>\n\n\n\n<p>Comment <strong>le maintien de l\u2019ordre<\/strong> est-il envisag\u00e9 et mis en \u0153uvre dans des circonstances parfois controvers\u00e9es&nbsp;? Les m\u00e9thodes telles que les nasses, l\u2019utilisation de drones, les arrestations pr\u00e9ventives, et m\u00eame la question de la l\u00e9gitimit\u00e9 de la violence, suscitent-elles des interrogations&nbsp;?<\/p>\n\n\n\n<p>Face aux <strong>menaces \u00e9manant du ministre<\/strong> de l\u2019Int\u00e9rieur \u00e0 l\u2019encontre de la LDH, une association qui veille sur nos droits et libert\u00e9s et joue un r\u00f4le crucial dans la vigilance d\u00e9mocratique, que r\u00e9v\u00e8lent ces tentatives des pouvoirs en place pour \u00e9touffer les contre-pouvoirs&nbsp;?<\/p>\n\n\n\n<p>Nous vous convions \u00e0 partager votre point de vue et \u00e0 chercher ensemble \u00e0 comprendre les enjeux qui se jouent dans notre pays.C\u2019est vraiment le bon jour pour r\u00e9server votre soir\u00e9e, avec comme d\u2019habitude&nbsp;: un ap\u00e9ro partag\u00e9&nbsp;!<\/p>\n\n\n\n<p><strong>Jeudi 25 mai 2023 \u00e0 partir de 19h30 <\/strong>\u2013 Salle Dumont, Parc Dumont, face \u00e0 la gare RER d&rsquo;Aulnay-sous-Bois<\/p>\n","protected":false},"excerpt":{"rendered":"<p>Vivre mieux Ensemble re\u00e7oit la Ligue des Droits de l\u2019Homme, association active fond\u00e9e il y a 125\u00a0ans \u00e0 l\u2019occasion de l\u2019affaire Dreyfus. Nos invit\u00e9s sont\u00a0: Dans quelle mesure les libert\u00e9s en France, telles que la libert\u00e9 d\u2019expression, de manifester, de d\u00e9battre, de s\u2019associer et d\u2019\u00eatre en d\u00e9saccord avec les autorit\u00e9s nationales ou locales, sont-elles v\u00e9ritablement &hellip; <a href=\"https:\/\/vivremieux-aulnay.fr\/?p=864\" class=\"more-link\">Continuer la lecture de <span class=\"screen-reader-text\">Invitation : LDH\u00a0&#8211; La d\u00e9fense des libert\u00e9s en danger<\/span> <span class=\"meta-nav\">&rarr;<\/span><\/a><\/p>\n","protected":false},"author":1,"featured_media":0,"comment_status":"open","ping_status":"open","sticky":false,"template":"","format":"standard","meta":{"footnotes":""},"categories":[3],"tags":[],"class_list":["post-864","post","type-post","status-publish","format-standard","hentry","category-les-rencontres-aulnaysiennes-de-vme"],"_links":{"self":[{"href":"https:\/\/vivremieux-aulnay.fr\/index.php?rest_route=\/wp\/v2\/posts\/864","targetHints":{"allow":["GET"]}}],"collection":[{"href":"https:\/\/vivremieux-aulnay.fr\/index.php?rest_route=\/wp\/v2\/posts"}],"about":[{"href":"https:\/\/vivremieux-aulnay.fr\/index.php?rest_route=\/wp\/v2\/types\/post"}],"author":[{"embeddable":true,"href":"https:\/\/vivremieux-aulnay.fr\/index.php?rest_route=\/wp\/v2\/users\/1"}],"replies":[{"embeddable":true,"href":"https:\/\/vivremieux-aulnay.fr\/index.php?rest_route=%2Fwp%2Fv2%2Fcomments&post=864"}],"version-history":[{"count":7,"href":"https:\/\/vivremieux-aulnay.fr\/index.php?rest_route=\/wp\/v2\/posts\/864\/revisions"}],"predecessor-version":[{"id":874,"href":"https:\/\/vivremieux-aulnay.fr\/index.php?rest_route=\/wp\/v2\/posts\/864\/revisions\/874"}],"wp:attachment":[{"href":"https:\/\/vivremieux-aulnay.fr\/index.php?rest_route=%2Fwp%2Fv2%2Fmedia&parent=864"}],"wp:term":[{"taxonomy":"category","embeddable":true,"href":"https:\/\/vivremieux-aulnay.fr\/index.php?rest_route=%2Fwp%2Fv2%2Fcategories&post=864"},{"taxonomy":"post_tag","embeddable":true,"href":"https:\/\/vivremieux-aulnay.fr\/index.php?rest_route=%2Fwp%2Fv2%2Ftags&post=864"}],"curies":[{"name":"wp","href":"https:\/\/api.w.org\/{rel}","templated":true}]}}