{"id":846,"date":"2022-07-02T07:43:07","date_gmt":"2022-07-02T06:43:07","guid":{"rendered":"https:\/\/vivremieux-aulnay.fr\/?p=846"},"modified":"2022-07-02T07:43:08","modified_gmt":"2022-07-02T06:43:08","slug":"vme-se-felicite-dune-reunion-publique-pluraliste-pour-defendre-la-liberte-dexpression","status":"publish","type":"post","link":"https:\/\/vivremieux-aulnay.fr\/?p=846","title":{"rendered":"VME se f\u00e9licite d\u2019une r\u00e9union publique pluraliste pour d\u00e9fendre la libert\u00e9 d\u2019expression"},"content":{"rendered":"<div class=\"wp-block-image\">\n<figure class=\"alignright size-large is-resized\"><a href=\"https:\/\/vivremieux-aulnay.fr\/wp-content\/uploads\/2022\/07\/20220630-SoireeLiberteExpression.pdf\"><img loading=\"lazy\" decoding=\"async\" src=\"https:\/\/vivremieux-aulnay.fr\/wp-content\/uploads\/2022\/07\/20220630-SoireeLiberteExpression-724x1024.png\" alt=\"\" class=\"wp-image-845\" width=\"362\" height=\"512\" srcset=\"https:\/\/vivremieux-aulnay.fr\/wp-content\/uploads\/2022\/07\/20220630-SoireeLiberteExpression-724x1024.png 724w, https:\/\/vivremieux-aulnay.fr\/wp-content\/uploads\/2022\/07\/20220630-SoireeLiberteExpression-212x300.png 212w, https:\/\/vivremieux-aulnay.fr\/wp-content\/uploads\/2022\/07\/20220630-SoireeLiberteExpression-768x1087.png 768w, https:\/\/vivremieux-aulnay.fr\/wp-content\/uploads\/2022\/07\/20220630-SoireeLiberteExpression.png 826w\" sizes=\"auto, (max-width: 362px) 100vw, 362px\" \/><\/a><\/figure>\n<\/div>\n\n\n<p><strong>Des habitants de tout horizon* sont venus \u00e0 la soir\u00e9e pour d\u00e9fendre la libert\u00e9 d\u2019expression le 16 juin 2022, en particulier en soutien au blog MonAulnay.com victime de harc\u00e8lement judiciaire de la part de la municipalit\u00e9 ou de proches du maire.<\/strong><\/p>\n\n\n\n<p>L\u2019association Aulnay Environnement a rappel\u00e9 son engagement pour l\u2019urbanisme et regrett\u00e9 l\u2019absence de transparence dans des conseils de quartiers vid\u00e9s de leur r\u00f4le coop\u00e9ratifs. L\u2019association Anticor, luttant contre la corruption, dans un contexte sensible \u00e0 Aulnay, a rappel\u00e9 l\u2019importance des citoyens vigilants et des lanceurs d\u2019alerte. Ces associations ont toute deux protest\u00e9 contre ces proc\u00e9dures baillons dont est victime le blog MonAulnay.com.<\/p>\n\n\n\n<p>Les blogueurs ont rappel\u00e9 la trop longue liste des proc\u00e8s, tous perdus par le maire et son \u00e9quipe et d\u00e9nonc\u00e9 les violences dont ont \u00e9t\u00e9 victimes les r\u00e9dacteurs. Des Aulnaysiens et Aulnaysiennes ont aussi pu t\u00e9moigner de leur souci d\u2019une d\u00e9mocratie ouverte. Le pluralisme des interventions, et notamment de personnalit\u00e9s politiques de bord diff\u00e9rents, \u00e9tait pleinement au service de la libert\u00e9 d\u2019expression \u00e0 laquelle contribue largement le blog MonAulnay.com.<strong> La situation m\u00e9rite cette mobilisation \u00e0 plusieurs voix&nbsp;!<\/strong><\/p>\n\n\n\n<p>Une caisse de solidarit\u00e9 a \u00e9t\u00e9 cr\u00e9\u00e9e pour faire face \u00e0 la volont\u00e9 d\u2019asphyxier MonAulnay.com. Chacune et chacun peut rejoindre cet \u00e9lan de solidarit\u00e9, pour faire vivre le pluralisme gage d\u2019une d\u00e9mocratie vivante. <strong>Pour nous, ni la violence ni le harc\u00e8lement judiciaire ne peuvent tenir lieu de cadre d\u00e9mocratique.<\/strong><\/p>\n\n\n\n<p>Libert\u00e9, nous \u00e9crivons ton nom\u00a0!<\/p>\n\n\n\n<p><em>*Responsables associatifs aulnaysiens, blogs d\u00e9partementaux, militants centristes, responsables de la R\u00e9publique en marche, \u00e9cologistes, \u00e9lu-e-s et militants de gauche\u2026 De nombreuses citoyennes et citoyens attach\u00e9s avant tout \u00e0 notre d\u00e9mocratie\u00a0! Merci \u00e0 toutes et tous.<\/em><\/p>\n","protected":false},"excerpt":{"rendered":"<p>Des habitants de tout horizon* sont venus \u00e0 la soir\u00e9e pour d\u00e9fendre la libert\u00e9 d\u2019expression le 16 juin 2022, en particulier en soutien au blog MonAulnay.com victime de harc\u00e8lement judiciaire de la part de la municipalit\u00e9 ou de proches du maire. L\u2019association Aulnay Environnement a rappel\u00e9 son engagement pour l\u2019urbanisme et regrett\u00e9 l\u2019absence de transparence &hellip; <a href=\"https:\/\/vivremieux-aulnay.fr\/?p=846\" class=\"more-link\">Continuer la lecture de <span class=\"screen-reader-text\">VME se f\u00e9licite d\u2019une r\u00e9union publique pluraliste pour d\u00e9fendre la libert\u00e9 d\u2019expression<\/span> <span class=\"meta-nav\">&rarr;<\/span><\/a><\/p>\n","protected":false},"author":1,"featured_media":0,"comment_status":"open","ping_status":"open","sticky":false,"template":"","format":"standard","meta":{"footnotes":""},"categories":[16],"tags":[],"class_list":["post-846","post","type-post","status-publish","format-standard","hentry","category-communique"],"_links":{"self":[{"href":"https:\/\/vivremieux-aulnay.fr\/index.php?rest_route=\/wp\/v2\/posts\/846","targetHints":{"allow":["GET"]}}],"collection":[{"href":"https:\/\/vivremieux-aulnay.fr\/index.php?rest_route=\/wp\/v2\/posts"}],"about":[{"href":"https:\/\/vivremieux-aulnay.fr\/index.php?rest_route=\/wp\/v2\/types\/post"}],"author":[{"embeddable":true,"href":"https:\/\/vivremieux-aulnay.fr\/index.php?rest_route=\/wp\/v2\/users\/1"}],"replies":[{"embeddable":true,"href":"https:\/\/vivremieux-aulnay.fr\/index.php?rest_route=%2Fwp%2Fv2%2Fcomments&post=846"}],"version-history":[{"count":1,"href":"https:\/\/vivremieux-aulnay.fr\/index.php?rest_route=\/wp\/v2\/posts\/846\/revisions"}],"predecessor-version":[{"id":847,"href":"https:\/\/vivremieux-aulnay.fr\/index.php?rest_route=\/wp\/v2\/posts\/846\/revisions\/847"}],"wp:attachment":[{"href":"https:\/\/vivremieux-aulnay.fr\/index.php?rest_route=%2Fwp%2Fv2%2Fmedia&parent=846"}],"wp:term":[{"taxonomy":"category","embeddable":true,"href":"https:\/\/vivremieux-aulnay.fr\/index.php?rest_route=%2Fwp%2Fv2%2Fcategories&post=846"},{"taxonomy":"post_tag","embeddable":true,"href":"https:\/\/vivremieux-aulnay.fr\/index.php?rest_route=%2Fwp%2Fv2%2Ftags&post=846"}],"curies":[{"name":"wp","href":"https:\/\/api.w.org\/{rel}","templated":true}]}}