{"id":829,"date":"2022-06-13T17:58:48","date_gmt":"2022-06-13T16:58:48","guid":{"rendered":"https:\/\/vivremieux-aulnay.fr\/?p=829"},"modified":"2022-06-13T18:00:35","modified_gmt":"2022-06-13T17:00:35","slug":"la-liberte-dexpression-est-en-danger-a-aulnay-sauvons-monaulnay-com-du-harcelement-judiciaire","status":"publish","type":"post","link":"https:\/\/vivremieux-aulnay.fr\/?p=829","title":{"rendered":"La libert\u00e9 d&rsquo;expression est en danger \u00e0 Aulnay! Sauvons MonAulnay.com du harc\u00e8lement judiciaire"},"content":{"rendered":"<div class=\"wp-block-image\">\n<figure class=\"alignright size-large is-resized\"><a href=\"https:\/\/vivremieux-aulnay.fr\/wp-content\/uploads\/2022\/06\/Reunion-Liberte-d-expression-MonAulnay.pdf\"><img loading=\"lazy\" decoding=\"async\" src=\"https:\/\/vivremieux-aulnay.fr\/wp-content\/uploads\/2022\/06\/Reunion-Liberte-d-expression-MonAulnay-724x1024.png\" alt=\"\" class=\"wp-image-834\" width=\"262\" height=\"370\" srcset=\"https:\/\/vivremieux-aulnay.fr\/wp-content\/uploads\/2022\/06\/Reunion-Liberte-d-expression-MonAulnay-724x1024.png 724w, https:\/\/vivremieux-aulnay.fr\/wp-content\/uploads\/2022\/06\/Reunion-Liberte-d-expression-MonAulnay-212x300.png 212w, https:\/\/vivremieux-aulnay.fr\/wp-content\/uploads\/2022\/06\/Reunion-Liberte-d-expression-MonAulnay-768x1087.png 768w, https:\/\/vivremieux-aulnay.fr\/wp-content\/uploads\/2022\/06\/Reunion-Liberte-d-expression-MonAulnay.png 826w\" sizes=\"auto, (max-width: 262px) 100vw, 262px\" \/><\/a><\/figure>\n<\/div>\n\n\n<p><strong>Invitation \u00e0 l\u2019initiative de Vivre mieux, ensemble \u00e0 Aulnay-sous-Bois et en collaboration avec Aulnay Environnement<\/strong><\/p>\n\n\n\n<p>Ayant d\u00e9j\u00e0 d\u00e9bours\u00e9 14&nbsp;000&nbsp;\u20ac de frais de proc\u00e9dures, le blog b\u00e9n\u00e9vole d\u2019information citoyenne MonAulnay.com risque de fermer \u00e0 cause du harc\u00e8lement judiciaire de la mairie. La ville poursuit pour la 6e fois le blog et lui reproche d\u2019avoir relay\u00e9 les enqu\u00eates judiciaires, pourtant parues dans la presse, pour des pr\u00e9sum\u00e9es affaires de corruption en mati\u00e8re d\u2019urbanisme. Le maire n\u2019a jamais gagn\u00e9 une seule de la vingtaine de proc\u00e9dures contre des contradicteurs locaux mais peut compter sur l\u2019argent du contribuable pour financer ses avocats.<\/p>\n\n\n\n<p>Le blog Aulnay Autrement a d\u00e9j\u00e0 ferm\u00e9 suite \u00e0 ces pressions judiciaires, si MonAulnay.com ferme, qui sera la prochaine cible&nbsp;? Conseils de quartiers vid\u00e9s de leur pr\u00e9rogatives r\u00e9glementaires, urbanisme opaque, harc\u00e8lement judiciaire, omerta sur les affaires judiciaires, la libert\u00e9 d\u2019expression est en danger dans notre ville&nbsp;!<\/p>\n\n\n<div class=\"wp-block-image\">\n<figure class=\"alignright size-full is-resized\"><a href=\"https:\/\/vivremieux-aulnay.fr\/wp-content\/uploads\/2022\/06\/anticor.png\"><img loading=\"lazy\" decoding=\"async\" src=\"https:\/\/vivremieux-aulnay.fr\/wp-content\/uploads\/2022\/06\/anticor.png\" alt=\"\" class=\"wp-image-836\" width=\"138\" height=\"138\" srcset=\"https:\/\/vivremieux-aulnay.fr\/wp-content\/uploads\/2022\/06\/anticor.png 225w, https:\/\/vivremieux-aulnay.fr\/wp-content\/uploads\/2022\/06\/anticor-150x150.png 150w\" sizes=\"auto, (max-width: 138px) 100vw, 138px\" \/><\/a><\/figure>\n<\/div>\n\n\n<p>Nous vous proposons une soir\u00e9e de mobilisation en pr\u00e9sence de :<\/p>\n\n\n\n<ul class=\"wp-block-list\"><li><strong>Jean-Paul Lefebvre<\/strong>, r\u00e9f\u00e9rent d\u2019Anticor 93<\/li><li><strong>Ren\u00e9-Augustin Bougourd<\/strong>, pr\u00e9sident d\u2019Aulnay Environnement<\/li><li><strong>Des \u00e9lus et blogueurs poursuivis par la municipalit\u00e9<\/strong><\/li><\/ul>\n\n\n\n<h2 class=\"wp-block-heading\">Jeudi 16 juin 2022 \u00e0 partir de 19h30<br>19h30 <\/h2>\n\n\n\n<p><strong>ap\u00e9ritif convivial participatif, 20H00 pr\u00e9cises d\u00e9but du d\u00e9bat<br>Salle Dumont, Parc Dumont, face \u00e0 la gare RER d&rsquo;Aulnay-sous-Bois.<\/strong><\/p>\n","protected":false},"excerpt":{"rendered":"<p>Invitation \u00e0 l\u2019initiative de Vivre mieux, ensemble \u00e0 Aulnay-sous-Bois et en collaboration avec Aulnay Environnement Ayant d\u00e9j\u00e0 d\u00e9bours\u00e9 14&nbsp;000&nbsp;\u20ac de frais de proc\u00e9dures, le blog b\u00e9n\u00e9vole d\u2019information citoyenne MonAulnay.com risque de fermer \u00e0 cause du harc\u00e8lement judiciaire de la mairie. La ville poursuit pour la 6e fois le blog et lui reproche d\u2019avoir relay\u00e9 les &hellip; <a href=\"https:\/\/vivremieux-aulnay.fr\/?p=829\" class=\"more-link\">Continuer la lecture de <span class=\"screen-reader-text\">La libert\u00e9 d&rsquo;expression est en danger \u00e0 Aulnay! Sauvons MonAulnay.com du harc\u00e8lement judiciaire<\/span> <span class=\"meta-nav\">&rarr;<\/span><\/a><\/p>\n","protected":false},"author":4,"featured_media":0,"comment_status":"open","ping_status":"open","sticky":false,"template":"","format":"standard","meta":{"footnotes":""},"categories":[3],"tags":[],"class_list":["post-829","post","type-post","status-publish","format-standard","hentry","category-les-rencontres-aulnaysiennes-de-vme"],"_links":{"self":[{"href":"https:\/\/vivremieux-aulnay.fr\/index.php?rest_route=\/wp\/v2\/posts\/829","targetHints":{"allow":["GET"]}}],"collection":[{"href":"https:\/\/vivremieux-aulnay.fr\/index.php?rest_route=\/wp\/v2\/posts"}],"about":[{"href":"https:\/\/vivremieux-aulnay.fr\/index.php?rest_route=\/wp\/v2\/types\/post"}],"author":[{"embeddable":true,"href":"https:\/\/vivremieux-aulnay.fr\/index.php?rest_route=\/wp\/v2\/users\/4"}],"replies":[{"embeddable":true,"href":"https:\/\/vivremieux-aulnay.fr\/index.php?rest_route=%2Fwp%2Fv2%2Fcomments&post=829"}],"version-history":[{"count":6,"href":"https:\/\/vivremieux-aulnay.fr\/index.php?rest_route=\/wp\/v2\/posts\/829\/revisions"}],"predecessor-version":[{"id":840,"href":"https:\/\/vivremieux-aulnay.fr\/index.php?rest_route=\/wp\/v2\/posts\/829\/revisions\/840"}],"wp:attachment":[{"href":"https:\/\/vivremieux-aulnay.fr\/index.php?rest_route=%2Fwp%2Fv2%2Fmedia&parent=829"}],"wp:term":[{"taxonomy":"category","embeddable":true,"href":"https:\/\/vivremieux-aulnay.fr\/index.php?rest_route=%2Fwp%2Fv2%2Fcategories&post=829"},{"taxonomy":"post_tag","embeddable":true,"href":"https:\/\/vivremieux-aulnay.fr\/index.php?rest_route=%2Fwp%2Fv2%2Ftags&post=829"}],"curies":[{"name":"wp","href":"https:\/\/api.w.org\/{rel}","templated":true}]}}