{"id":811,"date":"2022-04-15T09:21:18","date_gmt":"2022-04-15T08:21:18","guid":{"rendered":"https:\/\/vivremieux-aulnay.fr\/?p=811"},"modified":"2022-06-13T18:02:02","modified_gmt":"2022-06-13T17:02:02","slug":"invitation-vme-et-aulnay-a-velo-recoivent-stein-van-oosteren-auteur-de-pourquoi-pas-le-velo","status":"publish","type":"post","link":"https:\/\/vivremieux-aulnay.fr\/?p=811","title":{"rendered":"Invitation : VME et AULNAY \u00c0 V\u00c9LO re\u00e7oivent Stein Van Oosteren auteur de \u00ab\u00a0Pourquoi pas le V\u00e9lo?\u00a0\u00bb"},"content":{"rendered":"\n<div class=\"wp-block-image\"><figure class=\"alignright size-large is-resized\"><a href=\"https:\/\/vivremieux-aulnay.fr\/wp-content\/uploads\/2022\/04\/soiree-du-21-avril.pdf\"><img loading=\"lazy\" decoding=\"async\" src=\"https:\/\/vivremieux-aulnay.fr\/wp-content\/uploads\/2022\/04\/soiree-du-21-avril-724x1024.jpg\" alt=\"\" class=\"wp-image-814\" width=\"306\" height=\"433\" srcset=\"https:\/\/vivremieux-aulnay.fr\/wp-content\/uploads\/2022\/04\/soiree-du-21-avril-724x1024.jpg 724w, https:\/\/vivremieux-aulnay.fr\/wp-content\/uploads\/2022\/04\/soiree-du-21-avril-212x300.jpg 212w, https:\/\/vivremieux-aulnay.fr\/wp-content\/uploads\/2022\/04\/soiree-du-21-avril-768x1087.jpg 768w, https:\/\/vivremieux-aulnay.fr\/wp-content\/uploads\/2022\/04\/soiree-du-21-avril.jpg 826w\" sizes=\"auto, (max-width: 306px) 100vw, 306px\" \/><\/a><\/figure><\/div>\n\n\n\n<p>\u00ab Le v\u00e9lo, c\u2019est pour s\u2019amuser, c\u2019est dangereux et \u00e7a grille les feux rouges. \u00c7a ne marchera jamais en France \u00bb Qui de mieux pour d\u00e9monter ces id\u00e9es re\u00e7ues qu\u2019un N\u00e9erlandais install\u00e9 en France ? Peu savent que les Pays-Bas, reconnus comme le paradis du v\u00e9lo, \u00e9taient eux-m\u00eames un \u00ab pays de la bagnole \u00bb dans les ann\u00e9es 1970, avant que la population ne d\u00e9clenche une r\u00e9volution du v\u00e9lo spectaculaire.<\/p>\n\n\n\n<p>Avec un humour redoutable, Stein van Oosteren nous explique pourquoi il faut rendre cyclable le pays du Tour de France. Pour cet auteur rompu aux d\u00e9bats avec \u00e9lues et \u00e9lus municipaux, il est temps de se poser les bonnes questions. Par exemple, non pas combien de voitures peuvent circuler sur une rue, mais plut\u00f4t combien de personnes ? Une piste cyclable faisant passer sept fois plus de personnes qu\u2019une voie pour les voitures, le calcul est vite fait !<\/p>\n\n\n\n<p><a href=\"https:\/\/ecosociete.org\/livres\/pourquoi-pas-le-velo-qc\">D\u00e9couverte du livre sur le site de l\u2019\u00e9diteur.<\/a><\/p>\n\n\n\n<h2 class=\"has-text-align-center wp-block-heading\">Jeudi 21 avril 2022 \u00e0 partir de 19h30<\/h2>\n\n\n\n<p class=\"has-text-align-center\">19h30 \u2013 ap\u00e9ritif convivial participatif 20H00 pr\u00e9cises \u2013 d\u00e9but de l&rsquo;atelier<br>Salle Dumont, Parc Dumont, face \u00e0 la gare RER d&rsquo;Aulnay-sous-Bois.<br>Le livre sera en vente lors de la soir\u00e9e<br>Gestes barri\u00e8res selon les r\u00e8gles en vigueur<\/p>\n","protected":false},"excerpt":{"rendered":"<p>\u00ab Le v\u00e9lo, c\u2019est pour s\u2019amuser, c\u2019est dangereux et \u00e7a grille les feux rouges. \u00c7a ne marchera jamais en France \u00bb Qui de mieux pour d\u00e9monter ces id\u00e9es re\u00e7ues qu\u2019un N\u00e9erlandais install\u00e9 en France ? Peu savent que les Pays-Bas, reconnus comme le paradis du v\u00e9lo, \u00e9taient eux-m\u00eames un \u00ab pays de la bagnole \u00bb &hellip; <a href=\"https:\/\/vivremieux-aulnay.fr\/?p=811\" class=\"more-link\">Continuer la lecture de <span class=\"screen-reader-text\">Invitation : VME et AULNAY \u00c0 V\u00c9LO re\u00e7oivent Stein Van Oosteren auteur de \u00ab\u00a0Pourquoi pas le V\u00e9lo?\u00a0\u00bb<\/span> <span class=\"meta-nav\">&rarr;<\/span><\/a><\/p>\n","protected":false},"author":4,"featured_media":0,"comment_status":"open","ping_status":"open","sticky":false,"template":"","format":"standard","meta":{"footnotes":""},"categories":[3],"tags":[],"class_list":["post-811","post","type-post","status-publish","format-standard","hentry","category-les-rencontres-aulnaysiennes-de-vme"],"_links":{"self":[{"href":"https:\/\/vivremieux-aulnay.fr\/index.php?rest_route=\/wp\/v2\/posts\/811","targetHints":{"allow":["GET"]}}],"collection":[{"href":"https:\/\/vivremieux-aulnay.fr\/index.php?rest_route=\/wp\/v2\/posts"}],"about":[{"href":"https:\/\/vivremieux-aulnay.fr\/index.php?rest_route=\/wp\/v2\/types\/post"}],"author":[{"embeddable":true,"href":"https:\/\/vivremieux-aulnay.fr\/index.php?rest_route=\/wp\/v2\/users\/4"}],"replies":[{"embeddable":true,"href":"https:\/\/vivremieux-aulnay.fr\/index.php?rest_route=%2Fwp%2Fv2%2Fcomments&post=811"}],"version-history":[{"count":5,"href":"https:\/\/vivremieux-aulnay.fr\/index.php?rest_route=\/wp\/v2\/posts\/811\/revisions"}],"predecessor-version":[{"id":819,"href":"https:\/\/vivremieux-aulnay.fr\/index.php?rest_route=\/wp\/v2\/posts\/811\/revisions\/819"}],"wp:attachment":[{"href":"https:\/\/vivremieux-aulnay.fr\/index.php?rest_route=%2Fwp%2Fv2%2Fmedia&parent=811"}],"wp:term":[{"taxonomy":"category","embeddable":true,"href":"https:\/\/vivremieux-aulnay.fr\/index.php?rest_route=%2Fwp%2Fv2%2Fcategories&post=811"},{"taxonomy":"post_tag","embeddable":true,"href":"https:\/\/vivremieux-aulnay.fr\/index.php?rest_route=%2Fwp%2Fv2%2Ftags&post=811"}],"curies":[{"name":"wp","href":"https:\/\/api.w.org\/{rel}","templated":true}]}}