{"id":803,"date":"2022-03-12T15:20:57","date_gmt":"2022-03-12T14:20:57","guid":{"rendered":"https:\/\/vivremieux-aulnay.fr\/?p=803"},"modified":"2022-06-13T18:02:06","modified_gmt":"2022-06-13T17:02:06","slug":"invitation-lurgence-de-lart-rencontre-et-performances-surprises-avec-lauteure-aulnaysienne-anne-marie-zucchelli","status":"publish","type":"post","link":"https:\/\/vivremieux-aulnay.fr\/?p=803","title":{"rendered":"Invitation: L&rsquo;urgence de l&rsquo;art. Rencontre et performances surprises avec l\u2019auteure aulnaysienne Anne-Marie Zucchelli"},"content":{"rendered":"\n<div class=\"wp-block-image\"><figure class=\"alignright size-full is-resized\"><a href=\"https:\/\/vivremieux-aulnay.fr\/wp-content\/uploads\/2022\/03\/rencontre-du-17-mars-2022.pdf\"><img loading=\"lazy\" decoding=\"async\" src=\"https:\/\/vivremieux-aulnay.fr\/wp-content\/uploads\/2022\/03\/rencontre-du-17-mars-2022-pdf-1.jpg\" alt=\"\" class=\"wp-image-808\" width=\"257\" height=\"363\" srcset=\"https:\/\/vivremieux-aulnay.fr\/wp-content\/uploads\/2022\/03\/rencontre-du-17-mars-2022-pdf-1.jpg 724w, https:\/\/vivremieux-aulnay.fr\/wp-content\/uploads\/2022\/03\/rencontre-du-17-mars-2022-pdf-1-212x300.jpg 212w\" sizes=\"auto, (max-width: 257px) 100vw, 257px\" \/><\/a><\/figure><\/div>\n\n\n\n<p>\u00c0 l&rsquo;occasion de la sortie de son  livre <em>La Nuit finie<\/em>, illustr\u00e9 avec les peintures de Lambert Savigneux, l\u2019auteure aulnaysienne Anne-Marie Zucchelli nous propose une soir\u00e9e po\u00e9tique.<\/p>\n\n\n\n<p>Urgence \u00e0 dire, \u00e0 penser, \u00e0 \u00e9crire, \u00e0 imaginer et partager&nbsp;; c&rsquo;est d&rsquo;urgence et de d\u00e9sir dont parlent les po\u00e8tes et les artistes en dialogue.<\/p>\n\n\n\n<p>La soir\u00e9e ponctu\u00e9es de lectures, se d\u00e9roulera autour de conversations sur l&rsquo;engagement artistique, l&rsquo;exp\u00e9rience de l&rsquo;\u00e9criture et celle de la lecture publique.<\/p>\n\n\n\n<p>La soir\u00e9e sera aussi pleine de surprises po\u00e9tiques, m\u00ealant peinture, musique et humour\u2026 \u00e0 savourer ensemble ce jeudi 17 mars 2022, \u00e0 la salle Dumont en partageant un ap\u00e9ro convivial.<\/p>\n\n\n\n<p>Au plaisir de vous retrouver&nbsp;! Portez-vous bien!<\/p>\n\n\n\n<h2 class=\"wp-block-heading\"><strong>Jeudi <\/strong><strong>17 mars<\/strong><strong> \u00e0 partir de 19h30<\/strong><\/h2>\n\n\n\n<p>Salle Dumont, Parc Dumont, face \u00e0 la gare RER d&rsquo;Aulnay-sous-Bois.<\/p>\n\n\n\n<p>Le livre sera en vente et d\u00e9dicaces lors de la soir\u00e9e<\/p>\n","protected":false},"excerpt":{"rendered":"<p>\u00c0 l&rsquo;occasion de la sortie de son livre La Nuit finie, illustr\u00e9 avec les peintures de Lambert Savigneux, l\u2019auteure aulnaysienne Anne-Marie Zucchelli nous propose une soir\u00e9e po\u00e9tique. Urgence \u00e0 dire, \u00e0 penser, \u00e0 \u00e9crire, \u00e0 imaginer et partager&nbsp;; c&rsquo;est d&rsquo;urgence et de d\u00e9sir dont parlent les po\u00e8tes et les artistes en dialogue. La soir\u00e9e ponctu\u00e9es &hellip; <a href=\"https:\/\/vivremieux-aulnay.fr\/?p=803\" class=\"more-link\">Continuer la lecture de <span class=\"screen-reader-text\">Invitation: L&rsquo;urgence de l&rsquo;art. Rencontre et performances surprises avec l\u2019auteure aulnaysienne Anne-Marie Zucchelli<\/span> <span class=\"meta-nav\">&rarr;<\/span><\/a><\/p>\n","protected":false},"author":4,"featured_media":0,"comment_status":"open","ping_status":"open","sticky":false,"template":"","format":"standard","meta":{"footnotes":""},"categories":[3],"tags":[],"class_list":["post-803","post","type-post","status-publish","format-standard","hentry","category-les-rencontres-aulnaysiennes-de-vme"],"_links":{"self":[{"href":"https:\/\/vivremieux-aulnay.fr\/index.php?rest_route=\/wp\/v2\/posts\/803","targetHints":{"allow":["GET"]}}],"collection":[{"href":"https:\/\/vivremieux-aulnay.fr\/index.php?rest_route=\/wp\/v2\/posts"}],"about":[{"href":"https:\/\/vivremieux-aulnay.fr\/index.php?rest_route=\/wp\/v2\/types\/post"}],"author":[{"embeddable":true,"href":"https:\/\/vivremieux-aulnay.fr\/index.php?rest_route=\/wp\/v2\/users\/4"}],"replies":[{"embeddable":true,"href":"https:\/\/vivremieux-aulnay.fr\/index.php?rest_route=%2Fwp%2Fv2%2Fcomments&post=803"}],"version-history":[{"count":3,"href":"https:\/\/vivremieux-aulnay.fr\/index.php?rest_route=\/wp\/v2\/posts\/803\/revisions"}],"predecessor-version":[{"id":809,"href":"https:\/\/vivremieux-aulnay.fr\/index.php?rest_route=\/wp\/v2\/posts\/803\/revisions\/809"}],"wp:attachment":[{"href":"https:\/\/vivremieux-aulnay.fr\/index.php?rest_route=%2Fwp%2Fv2%2Fmedia&parent=803"}],"wp:term":[{"taxonomy":"category","embeddable":true,"href":"https:\/\/vivremieux-aulnay.fr\/index.php?rest_route=%2Fwp%2Fv2%2Fcategories&post=803"},{"taxonomy":"post_tag","embeddable":true,"href":"https:\/\/vivremieux-aulnay.fr\/index.php?rest_route=%2Fwp%2Fv2%2Ftags&post=803"}],"curies":[{"name":"wp","href":"https:\/\/api.w.org\/{rel}","templated":true}]}}