{"id":796,"date":"2022-02-10T13:23:25","date_gmt":"2022-02-10T12:23:25","guid":{"rendered":"https:\/\/vivremieux-aulnay.fr\/?p=796"},"modified":"2022-06-13T18:02:10","modified_gmt":"2022-06-13T17:02:10","slug":"invitation-soiree-chanson-a-voir-et-a-entendre-avec-lassociation-les-arts","status":"publish","type":"post","link":"https:\/\/vivremieux-aulnay.fr\/?p=796","title":{"rendered":"Invitation: Soir\u00e9e chanson \u00e0 voir et \u00e0 entendre avec l&rsquo;association Les Arts"},"content":{"rendered":"\n<figure class=\"wp-block-image size-large\"><a href=\"https:\/\/vivremieux-aulnay.fr\/wp-content\/uploads\/2022\/02\/invitation-CHANSONS-A-VOIR-17-fevrier-2022-1.jpg\"><img loading=\"lazy\" decoding=\"async\" width=\"760\" height=\"1024\" src=\"https:\/\/vivremieux-aulnay.fr\/wp-content\/uploads\/2022\/02\/invitation-CHANSONS-A-VOIR-17-fevrier-2022-1-760x1024.jpg\" alt=\"\" class=\"wp-image-800\" srcset=\"https:\/\/vivremieux-aulnay.fr\/wp-content\/uploads\/2022\/02\/invitation-CHANSONS-A-VOIR-17-fevrier-2022-1-760x1024.jpg 760w, https:\/\/vivremieux-aulnay.fr\/wp-content\/uploads\/2022\/02\/invitation-CHANSONS-A-VOIR-17-fevrier-2022-1-223x300.jpg 223w, https:\/\/vivremieux-aulnay.fr\/wp-content\/uploads\/2022\/02\/invitation-CHANSONS-A-VOIR-17-fevrier-2022-1-768x1034.jpg 768w, https:\/\/vivremieux-aulnay.fr\/wp-content\/uploads\/2022\/02\/invitation-CHANSONS-A-VOIR-17-fevrier-2022-1.jpg 1024w\" sizes=\"auto, (max-width: 760px) 100vw, 760px\" \/><\/a><\/figure>\n\n\n\n<p>Les Rencontres aulnaysiennes de Vivre Mieux Ensemble \u00e0 Aulnay-sous-Bois vous invitent \u00e0 la soir\u00e9e \u00ab CHANSONS \u00c0 VOIR\u2026 ET \u00c0 ENTENDRE ! \u00bb le jeudi 17 f\u00e9vrier<\/p>\n\n\n\n<p>avec Jean-Pierre Joblin, auteur-illustrateur aulnaysien, les artistes de l\u2019association Les Arts et la participation exceptionnelle de Lou Saintagne.<\/p>\n\n\n\n<p>Joblin pr\u00e9sentera le livre \u00ab CHANSONS \u00c0 VOIR \u00bb (\u00e9d Yil) qu\u2019il a co-illustr\u00e9 avec des artistes de l\u2019association aulnaysienne Les Arts. Ceux-ci commenteront leur participation \u00e0 l\u2019ouvrage.<\/p>\n\n\n\n<p>Lou Saintagne interpr\u00e9tera des chansons \u00e9voqu\u00e9es dans le livre.<\/p>\n\n\n\n<p>Ces dr\u00f4les d\u2019objets immat\u00e9riels et intemporels que sont les chansons constituent la bande son de nos vies. JOBLIN nous invite \u00e0 retrouver l\u2019\u00e9motion de la premi\u00e8re \u00e9coute en \u00e9voquant d\u2019incontournables standards et des cr\u00e9ations moins connues. Avec l\u2019association LES ARTS il a illustr\u00e9 30 chansons fran\u00e7aises, de l\u2019expression po\u00e9tique d\u2019un Brassens ou d\u2019un Ferr\u00e9 \u00e0 celle purement ludique et pop de Lilicub.<\/p>\n\n\n\n<p>Interpr\u00e8te des chansons \u00e9crites par Joblin et compos\u00e9es par Malto dans le <a href=\"https:\/\/www.youtube.com\/watch?v=KZDKJam9Zz8\">spectacle \u201cMonstersongs\u201d<\/a> que l\u2019on a pu voir r\u00e9cemment \u00e0 la Maison de l\u2019Environnement d\u2019Aulnay-sous-Bois, LOU SAINTAGNE chantera une dizaine de titres (Brassens, Perret, Dietrich, Gainsbourg\u2026) et vous conviera parfois \u00e0 l\u2019accompagner.<\/p>\n\n\n\n<p class=\"has-text-align-center\"><strong>Jeudi 17 f\u00e9vrier 2022 \u00e0 partir de 19h30<\/strong><\/p>\n\n\n\n<p>Salle Dumont \u2013 Parc Dumont, face \u00e0 la gare RER d\u2019Aulnay-sous-Bois<\/p>\n","protected":false},"excerpt":{"rendered":"<p>Les Rencontres aulnaysiennes de Vivre Mieux Ensemble \u00e0 Aulnay-sous-Bois vous invitent \u00e0 la soir\u00e9e \u00ab CHANSONS \u00c0 VOIR\u2026 ET \u00c0 ENTENDRE ! \u00bb le jeudi 17 f\u00e9vrier avec Jean-Pierre Joblin, auteur-illustrateur aulnaysien, les artistes de l\u2019association Les Arts et la participation exceptionnelle de Lou Saintagne. Joblin pr\u00e9sentera le livre \u00ab CHANSONS \u00c0 VOIR \u00bb (\u00e9d &hellip; <a href=\"https:\/\/vivremieux-aulnay.fr\/?p=796\" class=\"more-link\">Continuer la lecture de <span class=\"screen-reader-text\">Invitation: Soir\u00e9e chanson \u00e0 voir et \u00e0 entendre avec l&rsquo;association Les Arts<\/span> <span class=\"meta-nav\">&rarr;<\/span><\/a><\/p>\n","protected":false},"author":4,"featured_media":0,"comment_status":"open","ping_status":"open","sticky":false,"template":"","format":"standard","meta":{"footnotes":""},"categories":[3],"tags":[],"class_list":["post-796","post","type-post","status-publish","format-standard","hentry","category-les-rencontres-aulnaysiennes-de-vme"],"_links":{"self":[{"href":"https:\/\/vivremieux-aulnay.fr\/index.php?rest_route=\/wp\/v2\/posts\/796","targetHints":{"allow":["GET"]}}],"collection":[{"href":"https:\/\/vivremieux-aulnay.fr\/index.php?rest_route=\/wp\/v2\/posts"}],"about":[{"href":"https:\/\/vivremieux-aulnay.fr\/index.php?rest_route=\/wp\/v2\/types\/post"}],"author":[{"embeddable":true,"href":"https:\/\/vivremieux-aulnay.fr\/index.php?rest_route=\/wp\/v2\/users\/4"}],"replies":[{"embeddable":true,"href":"https:\/\/vivremieux-aulnay.fr\/index.php?rest_route=%2Fwp%2Fv2%2Fcomments&post=796"}],"version-history":[{"count":2,"href":"https:\/\/vivremieux-aulnay.fr\/index.php?rest_route=\/wp\/v2\/posts\/796\/revisions"}],"predecessor-version":[{"id":801,"href":"https:\/\/vivremieux-aulnay.fr\/index.php?rest_route=\/wp\/v2\/posts\/796\/revisions\/801"}],"wp:attachment":[{"href":"https:\/\/vivremieux-aulnay.fr\/index.php?rest_route=%2Fwp%2Fv2%2Fmedia&parent=796"}],"wp:term":[{"taxonomy":"category","embeddable":true,"href":"https:\/\/vivremieux-aulnay.fr\/index.php?rest_route=%2Fwp%2Fv2%2Fcategories&post=796"},{"taxonomy":"post_tag","embeddable":true,"href":"https:\/\/vivremieux-aulnay.fr\/index.php?rest_route=%2Fwp%2Fv2%2Ftags&post=796"}],"curies":[{"name":"wp","href":"https:\/\/api.w.org\/{rel}","templated":true}]}}