{"id":761,"date":"2021-11-15T14:50:15","date_gmt":"2021-11-15T13:50:15","guid":{"rendered":"https:\/\/vivremieux-aulnay.fr\/?p=761"},"modified":"2022-06-13T18:02:24","modified_gmt":"2022-06-13T17:02:24","slug":"invitation-rencontre-avec-emmanuel-fleschauteur-aulnaysien-coup-de-coeur-defranceinfo","status":"publish","type":"post","link":"https:\/\/vivremieux-aulnay.fr\/?p=761","title":{"rendered":"Invitation: Rencontre avec Emmanuel Flesch,auteur aulnaysien, coup de c\u0153ur de FranceInfo"},"content":{"rendered":"\n<div class=\"wp-block-image\"><figure class=\"alignright size-large\"><a href=\"https:\/\/vivremieux-aulnay.fr\/wp-content\/uploads\/2021\/11\/invitation-e-flesch-18-novembre-2021.pdf\"><img decoding=\"async\" src=\"https:\/\/vivremieux-aulnay.fr\/wp-content\/uploads\/2021\/11\/invitation-e-flesch-18-novembre-2021-pdf-212x300.jpg\" alt=\"\"\/><\/a><\/figure><\/div>\n\n\n\n<p><strong>Lors de cette r\u00e9union, Emmanuel Flesch pr\u00e9sentera son dernier ouvrage : le C\u0153ur \u00e0 l\u2019\u00e9chafaud paru aux \u00e9ditions Calmann Levy en Janvier 2021<\/strong><\/p>\n\n\n\n<p>Ce livre d\u2019anticipation politique est le deuxi\u00e8me roman d&rsquo;Emmanuel Flesch, professeur d&rsquo;histoire-g\u00e9ographie en Seine-Saint-Denis. Il a \u00e9t\u00e9 s\u00e9lectionn\u00e9 \u00ab coup de c\u0153ur de FranceInfo \u00bb en janvier dernier : \u00ab un livre extr\u00eamement fort qui m&rsquo;a fait l&rsquo;effet d&rsquo;une claque \u00bb (Anne-Marie Revol, franceinfo). Un roman aussi cr\u00e9dible qu\u2019haletant, un fulgurant signal d\u2019alarme.<\/p>\n\n\n\n<p>Venez en discuter avec lui, <strong>Jeudi 18 novembre 2021 \u00e0 partir de 19h30,<\/strong>Salle Dumont, Parc Dumont, face \u00e0 la gare RER d&rsquo;Aulnay-sous-Bois. <\/p>\n","protected":false},"excerpt":{"rendered":"<p>Lors de cette r\u00e9union, Emmanuel Flesch pr\u00e9sentera son dernier ouvrage : le C\u0153ur \u00e0 l\u2019\u00e9chafaud paru aux \u00e9ditions Calmann Levy en Janvier 2021 Ce livre d\u2019anticipation politique est le deuxi\u00e8me roman d&rsquo;Emmanuel Flesch, professeur d&rsquo;histoire-g\u00e9ographie en Seine-Saint-Denis. Il a \u00e9t\u00e9 s\u00e9lectionn\u00e9 \u00ab coup de c\u0153ur de FranceInfo \u00bb en janvier dernier : \u00ab un livre &hellip; <a href=\"https:\/\/vivremieux-aulnay.fr\/?p=761\" class=\"more-link\">Continuer la lecture de <span class=\"screen-reader-text\">Invitation: Rencontre avec Emmanuel Flesch,auteur aulnaysien, coup de c\u0153ur de FranceInfo<\/span> <span class=\"meta-nav\">&rarr;<\/span><\/a><\/p>\n","protected":false},"author":4,"featured_media":0,"comment_status":"open","ping_status":"open","sticky":false,"template":"","format":"standard","meta":{"footnotes":""},"categories":[3],"tags":[],"class_list":["post-761","post","type-post","status-publish","format-standard","hentry","category-les-rencontres-aulnaysiennes-de-vme"],"_links":{"self":[{"href":"https:\/\/vivremieux-aulnay.fr\/index.php?rest_route=\/wp\/v2\/posts\/761","targetHints":{"allow":["GET"]}}],"collection":[{"href":"https:\/\/vivremieux-aulnay.fr\/index.php?rest_route=\/wp\/v2\/posts"}],"about":[{"href":"https:\/\/vivremieux-aulnay.fr\/index.php?rest_route=\/wp\/v2\/types\/post"}],"author":[{"embeddable":true,"href":"https:\/\/vivremieux-aulnay.fr\/index.php?rest_route=\/wp\/v2\/users\/4"}],"replies":[{"embeddable":true,"href":"https:\/\/vivremieux-aulnay.fr\/index.php?rest_route=%2Fwp%2Fv2%2Fcomments&post=761"}],"version-history":[{"count":5,"href":"https:\/\/vivremieux-aulnay.fr\/index.php?rest_route=\/wp\/v2\/posts\/761\/revisions"}],"predecessor-version":[{"id":768,"href":"https:\/\/vivremieux-aulnay.fr\/index.php?rest_route=\/wp\/v2\/posts\/761\/revisions\/768"}],"wp:attachment":[{"href":"https:\/\/vivremieux-aulnay.fr\/index.php?rest_route=%2Fwp%2Fv2%2Fmedia&parent=761"}],"wp:term":[{"taxonomy":"category","embeddable":true,"href":"https:\/\/vivremieux-aulnay.fr\/index.php?rest_route=%2Fwp%2Fv2%2Fcategories&post=761"},{"taxonomy":"post_tag","embeddable":true,"href":"https:\/\/vivremieux-aulnay.fr\/index.php?rest_route=%2Fwp%2Fv2%2Ftags&post=761"}],"curies":[{"name":"wp","href":"https:\/\/api.w.org\/{rel}","templated":true}]}}