{"id":745,"date":"2021-01-14T14:15:36","date_gmt":"2021-01-14T13:15:36","guid":{"rendered":"https:\/\/vivremieux-aulnay.fr\/?p=745"},"modified":"2022-06-13T18:02:37","modified_gmt":"2022-06-13T17:02:37","slug":"sauvons-le-triangle-de-gonesse-rendez-vous-le-17-janvier","status":"publish","type":"post","link":"https:\/\/vivremieux-aulnay.fr\/?p=745","title":{"rendered":"Sauvons le Triangle de Gonesse! Rendez-vous le 17 janvier."},"content":{"rendered":"\n<p>En 2020, vous nous avez manqu\u00e9, beaucoup. En 2021, nous souhaitons vous retrouver plein d\u2019\u00e9nergie \u00e0 partager, d\u2019id\u00e9e \u00e0 mettre en \u0153uvre, d\u2019actions pour se trouver mieux ensemble, pour se r\u00e9conforter&#8230; <\/p>\n\n\n\n<div class=\"wp-block-image\"><figure class=\"alignright size-large\"><a href=\"https:\/\/vivremieux-aulnay.fr\/wp-content\/uploads\/2021\/01\/20210111-CP-Le-serment-du-Triangle-de-Gonesse.pdf\"><img loading=\"lazy\" decoding=\"async\" width=\"300\" height=\"425\" src=\"https:\/\/vivremieux-aulnay.fr\/wp-content\/uploads\/2021\/01\/20210111-CP-Le-serment-du-Triangle-de-Gonesse.jpg\" alt=\"\" class=\"wp-image-748\" srcset=\"https:\/\/vivremieux-aulnay.fr\/wp-content\/uploads\/2021\/01\/20210111-CP-Le-serment-du-Triangle-de-Gonesse.jpg 300w, https:\/\/vivremieux-aulnay.fr\/wp-content\/uploads\/2021\/01\/20210111-CP-Le-serment-du-Triangle-de-Gonesse-212x300.jpg 212w\" sizes=\"auto, (max-width: 300px) 100vw, 300px\" \/><\/a><\/figure><\/div>\n\n\n\n<p>Mais surtout <strong>dimanche prochain , le 17 janvier \u00e0 11h<\/strong>, les terres fertiles ont besoin de nous pour assurer notre alimentation de proximit\u00e9!<\/p>\n\n\n\n<p>En effet, alors que nombre de communes francilienne recherchent des terres agricoles , le Triangle de Gonesse est toujours menac\u00e9 d&rsquo;urbanisation. Les travaux d\u00e9buteraient fin janvier, d\u00e9but f\u00e9vrier, sur 20 hectares. Pour le moment ils parlent de \u00ab reconnaissances g\u00e9otechniques \u00bb pour l\u2019entr\u00e9e du tunnelier sur le Triangle et d\u2019infrastructures des voix ferr\u00e9es mais pas de la \u00ab gare \u00bb et pr\u00e9cisent que c\u2019est \u00ab sous r\u00e9serve \u00bb de la d\u00e9cision du gouvernement&#8230;\u00a0 H\u00e9las, cette ruse de mise devant le fait accompli a d\u00e9j\u00e0 \u00e9t\u00e9 utilis\u00e9e dans ce dossier. Le \u00ab\u00a0serment du Triangle\u00a0\u00bb sera donc propos\u00e9 \u00e0 la signature avec une pr\u00e9sence de personnalit\u00e9s d&rsquo;envergure nationale et locales. Toutes les pr\u00e9cisions dans le <a href=\"https:\/\/vivremieux-aulnay.fr\/wp-content\/uploads\/2021\/01\/20210111-CP-Le-serment-du-Triangle-de-Gonesse.pdf\">PDF ci-joint<\/a>.<\/p>\n\n\n\n<p>VME participe au <a href=\"https:\/\/carmapaysdefrance.com\/\">projet Carma<\/a> et au <a href=\"https:\/\/ouiauxterresdegonesse.fr\/\">Collectif Pour le Triangle de Gonesse<\/a>.<\/p>\n","protected":false},"excerpt":{"rendered":"<p>En 2020, vous nous avez manqu\u00e9, beaucoup. En 2021, nous souhaitons vous retrouver plein d\u2019\u00e9nergie \u00e0 partager, d\u2019id\u00e9e \u00e0 mettre en \u0153uvre, d\u2019actions pour se trouver mieux ensemble, pour se r\u00e9conforter&#8230; Mais surtout dimanche prochain , le 17 janvier \u00e0 11h, les terres fertiles ont besoin de nous pour assurer notre alimentation de proximit\u00e9! En &hellip; <a href=\"https:\/\/vivremieux-aulnay.fr\/?p=745\" class=\"more-link\">Continuer la lecture de <span class=\"screen-reader-text\">Sauvons le Triangle de Gonesse! Rendez-vous le 17 janvier.<\/span> <span class=\"meta-nav\">&rarr;<\/span><\/a><\/p>\n","protected":false},"author":4,"featured_media":0,"comment_status":"open","ping_status":"open","sticky":false,"template":"","format":"standard","meta":{"footnotes":""},"categories":[8,17],"tags":[],"class_list":["post-745","post","type-post","status-publish","format-standard","hentry","category-manifestation","category-europacity"],"_links":{"self":[{"href":"https:\/\/vivremieux-aulnay.fr\/index.php?rest_route=\/wp\/v2\/posts\/745","targetHints":{"allow":["GET"]}}],"collection":[{"href":"https:\/\/vivremieux-aulnay.fr\/index.php?rest_route=\/wp\/v2\/posts"}],"about":[{"href":"https:\/\/vivremieux-aulnay.fr\/index.php?rest_route=\/wp\/v2\/types\/post"}],"author":[{"embeddable":true,"href":"https:\/\/vivremieux-aulnay.fr\/index.php?rest_route=\/wp\/v2\/users\/4"}],"replies":[{"embeddable":true,"href":"https:\/\/vivremieux-aulnay.fr\/index.php?rest_route=%2Fwp%2Fv2%2Fcomments&post=745"}],"version-history":[{"count":5,"href":"https:\/\/vivremieux-aulnay.fr\/index.php?rest_route=\/wp\/v2\/posts\/745\/revisions"}],"predecessor-version":[{"id":753,"href":"https:\/\/vivremieux-aulnay.fr\/index.php?rest_route=\/wp\/v2\/posts\/745\/revisions\/753"}],"wp:attachment":[{"href":"https:\/\/vivremieux-aulnay.fr\/index.php?rest_route=%2Fwp%2Fv2%2Fmedia&parent=745"}],"wp:term":[{"taxonomy":"category","embeddable":true,"href":"https:\/\/vivremieux-aulnay.fr\/index.php?rest_route=%2Fwp%2Fv2%2Fcategories&post=745"},{"taxonomy":"post_tag","embeddable":true,"href":"https:\/\/vivremieux-aulnay.fr\/index.php?rest_route=%2Fwp%2Fv2%2Ftags&post=745"}],"curies":[{"name":"wp","href":"https:\/\/api.w.org\/{rel}","templated":true}]}}