{"id":727,"date":"2019-10-30T18:28:39","date_gmt":"2019-10-30T17:28:39","guid":{"rendered":"https:\/\/vivremieux-aulnay.fr\/?p=727"},"modified":"2022-06-13T18:02:54","modified_gmt":"2022-06-13T17:02:54","slug":"invitation-carnets-de-solidarite-et-si-les-francais-etaient-plus-solidaires-quon-ne-le-pensait","status":"publish","type":"post","link":"https:\/\/vivremieux-aulnay.fr\/?p=727","title":{"rendered":"INVITATION: Carnets de solidarit\u00e9, et si les Fran\u00e7ais \u00e9taient plus solidaires qu\u2019on ne le pensait\u00a0?"},"content":{"rendered":"\n<div class=\"wp-block-image\"><figure class=\"alignright is-resized\"><a href=\"https:\/\/vivremieux-aulnay.fr\/wp-content\/uploads\/2019\/10\/rencontre_21-nov.odt\"><img loading=\"lazy\" decoding=\"async\" src=\"https:\/\/vivremieux-aulnay.fr\/wp-content\/uploads\/2019\/10\/rencontre_21-nov-724x1024.jpg\" alt=\"\" class=\"wp-image-731\" width=\"362\" height=\"512\" srcset=\"https:\/\/vivremieux-aulnay.fr\/wp-content\/uploads\/2019\/10\/rencontre_21-nov-724x1024.jpg 724w, https:\/\/vivremieux-aulnay.fr\/wp-content\/uploads\/2019\/10\/rencontre_21-nov-212x300.jpg 212w, https:\/\/vivremieux-aulnay.fr\/wp-content\/uploads\/2019\/10\/rencontre_21-nov-768x1087.jpg 768w, https:\/\/vivremieux-aulnay.fr\/wp-content\/uploads\/2019\/10\/rencontre_21-nov.jpg 826w\" sizes=\"auto, (max-width: 362px) 100vw, 362px\" \/><\/a><\/figure><\/div>\n\n\n\n<p><strong>Des milliers de citoyens ont ouvert leur porte \u00e0 des demandeurs d\u2019asile, Julia Montfort nous parle de sa s\u00e9rie \u00ab\u00a0Carnets de Solidarit\u00e9\u00a0\u00bb.<\/strong><\/p>\n\n\n\n<p>En donnant la parole \u00e0 cette \u00ab\u00a0<em>France invisible et solidaire qui agit<\/em>\u00a0\u00bb, Julia n\u2019entend surtout pas donner de le\u00e7ons \u00e0 qui que ce soit. Elle souhaite juste parler de cette main tendue \u00e0 ces exil\u00e9s ceux qui ne b\u00e9n\u00e9ficient d\u2019aucun passe-droit, si ce n\u2019est de ce droit inali\u00e9nable \u00e0 un peu d\u2019humanit\u00e9. \u00ab\u00a0Carnets de solidarit\u00e9\u00a0\u00bb que Julia Montfort a cr\u00e9\u00e9 sur Internet, c\u2019est un r\u00e9cit fort et authentique \u00e0 partager sans mod\u00e9ration.<\/p>\n\n\n\n<p>Venez en discuter <strong>jeudi 21 novembre 2019 \u00e0 19h45 <\/strong>salle Dumont,  en pr\u00e9sence de<br><strong> Julia Montfort<\/strong>,  journaliste, citoyenne et humaniste.<\/p>\n\n\n\n<p>en pr\u00e9sence \u00e9galement de <strong>Charlotte Guibert<\/strong>, de SINGA, association qui met en lien des familles d\u2019h\u00e9bergeurs et des r\u00e9fugi\u00e9s.<\/p>\n","protected":false},"excerpt":{"rendered":"<p>Des milliers de citoyens ont ouvert leur porte \u00e0 des demandeurs d\u2019asile, Julia Montfort nous parle de sa s\u00e9rie \u00ab\u00a0Carnets de Solidarit\u00e9\u00a0\u00bb. En donnant la parole \u00e0 cette \u00ab\u00a0France invisible et solidaire qui agit\u00a0\u00bb, Julia n\u2019entend surtout pas donner de le\u00e7ons \u00e0 qui que ce soit. Elle souhaite juste parler de cette main tendue \u00e0 &hellip; <a href=\"https:\/\/vivremieux-aulnay.fr\/?p=727\" class=\"more-link\">Continuer la lecture de <span class=\"screen-reader-text\">INVITATION: Carnets de solidarit\u00e9, et si les Fran\u00e7ais \u00e9taient plus solidaires qu\u2019on ne le pensait\u00a0?<\/span> <span class=\"meta-nav\">&rarr;<\/span><\/a><\/p>\n","protected":false},"author":4,"featured_media":0,"comment_status":"open","ping_status":"open","sticky":false,"template":"","format":"standard","meta":{"footnotes":""},"categories":[3],"tags":[],"class_list":["post-727","post","type-post","status-publish","format-standard","hentry","category-les-rencontres-aulnaysiennes-de-vme"],"_links":{"self":[{"href":"https:\/\/vivremieux-aulnay.fr\/index.php?rest_route=\/wp\/v2\/posts\/727","targetHints":{"allow":["GET"]}}],"collection":[{"href":"https:\/\/vivremieux-aulnay.fr\/index.php?rest_route=\/wp\/v2\/posts"}],"about":[{"href":"https:\/\/vivremieux-aulnay.fr\/index.php?rest_route=\/wp\/v2\/types\/post"}],"author":[{"embeddable":true,"href":"https:\/\/vivremieux-aulnay.fr\/index.php?rest_route=\/wp\/v2\/users\/4"}],"replies":[{"embeddable":true,"href":"https:\/\/vivremieux-aulnay.fr\/index.php?rest_route=%2Fwp%2Fv2%2Fcomments&post=727"}],"version-history":[{"count":4,"href":"https:\/\/vivremieux-aulnay.fr\/index.php?rest_route=\/wp\/v2\/posts\/727\/revisions"}],"predecessor-version":[{"id":733,"href":"https:\/\/vivremieux-aulnay.fr\/index.php?rest_route=\/wp\/v2\/posts\/727\/revisions\/733"}],"wp:attachment":[{"href":"https:\/\/vivremieux-aulnay.fr\/index.php?rest_route=%2Fwp%2Fv2%2Fmedia&parent=727"}],"wp:term":[{"taxonomy":"category","embeddable":true,"href":"https:\/\/vivremieux-aulnay.fr\/index.php?rest_route=%2Fwp%2Fv2%2Fcategories&post=727"},{"taxonomy":"post_tag","embeddable":true,"href":"https:\/\/vivremieux-aulnay.fr\/index.php?rest_route=%2Fwp%2Fv2%2Ftags&post=727"}],"curies":[{"name":"wp","href":"https:\/\/api.w.org\/{rel}","templated":true}]}}