{"id":720,"date":"2019-09-06T17:22:12","date_gmt":"2019-09-06T16:22:12","guid":{"rendered":"https:\/\/vivremieux-aulnay.fr\/?p=720"},"modified":"2022-06-13T18:02:50","modified_gmt":"2022-06-13T17:02:50","slug":"invitation-repondons-aux-urgences-climatiques-avec-carma","status":"publish","type":"post","link":"https:\/\/vivremieux-aulnay.fr\/?p=720","title":{"rendered":"INVITATION: R\u00e9pondons aux urgences climatiques\u00a0avec CARMA!"},"content":{"rendered":"\n<p><strong>V enez d\u00e9couvrir un projet phare r\u00e9gional aux portes d\u2019Aulnay consacr\u00e9 \u00e0 l\u2019agriculture urbaine et p\u00e9ri-urbaine et aux territoires en transition, alternatif \u00e0 Europacity\u00a0!<\/strong><\/p>\n\n\n\n<div class=\"wp-block-image\"><figure class=\"alignright is-resized\"><a href=\"https:\/\/vivremieux-aulnay.fr\/wp-content\/uploads\/2019\/09\/20190919-CARMA.pdf\"><img loading=\"lazy\" decoding=\"async\" src=\"https:\/\/vivremieux-aulnay.fr\/wp-content\/uploads\/2019\/09\/20190919-CARMA-pdf-212x300.jpg\" alt=\"\" width=\"189\" height=\"267\"\/><\/a><\/figure><\/div>\n\n\n\n<p>\nLe\ngroupement CARMA a en effet mis au point un projet alternatif sur le\ntriangle de Gonesse, il sera pr\u00e9sent salle Dumont. CARMA est un\ngroupement r\u00e9unissant Terres de Lien, Les AMAP, Biocoop, France\nNature Environnement, Fermes d\u2019Avenir, Commerce de France\u2026<\/p>\n\n\n\n<p>\nCette\nrencontre sera une bonne occasion de mieux cerner l\u2019immense\nopportunit\u00e9 que repr\u00e9sentent ces 700 ha en bordure imm\u00e9diate\nd\u2019Aulnay&#8230; pour cr\u00e9er des emplois durables et pr\u00e9server notre\ncommerce de proximit\u00e9, et les terres agricoles pour les g\u00e9n\u00e9rations\nfutures&nbsp;!<\/p>\n\n\n\n<p>\nCe\nprojet r\u00e9solument humain et environnemental nous sera  pr\u00e9sent\u00e9\nainsi que les actions pour sauver ses terres agricoles&nbsp;! \n<\/p>\n\n\n\n<p style=\"text-align:center\"><strong>Jeudi 19 septembre 2019 \u00e0 19h45<\/strong> salle Dumont  <strong>Ap\u00e9ro-repas partag\u00e9 <\/strong>  Vous \u00eates les bienvenus pour nous aider \u00e0 installer la salle \u00e0 19h30.  Salle Dumont, Parc Dumont, face \u00e0 la gare RER d\u2019Aulnay-sous-Bois.<\/p>\n","protected":false},"excerpt":{"rendered":"<p>V enez d\u00e9couvrir un projet phare r\u00e9gional aux portes d\u2019Aulnay consacr\u00e9 \u00e0 l\u2019agriculture urbaine et p\u00e9ri-urbaine et aux territoires en transition, alternatif \u00e0 Europacity\u00a0! Le groupement CARMA a en effet mis au point un projet alternatif sur le triangle de Gonesse, il sera pr\u00e9sent salle Dumont. CARMA est un groupement r\u00e9unissant Terres de Lien, Les &hellip; <a href=\"https:\/\/vivremieux-aulnay.fr\/?p=720\" class=\"more-link\">Continuer la lecture de <span class=\"screen-reader-text\">INVITATION: R\u00e9pondons aux urgences climatiques\u00a0avec CARMA!<\/span> <span class=\"meta-nav\">&rarr;<\/span><\/a><\/p>\n","protected":false},"author":4,"featured_media":0,"comment_status":"open","ping_status":"open","sticky":false,"template":"","format":"standard","meta":{"footnotes":""},"categories":[3,17],"tags":[],"class_list":["post-720","post","type-post","status-publish","format-standard","hentry","category-les-rencontres-aulnaysiennes-de-vme","category-europacity"],"_links":{"self":[{"href":"https:\/\/vivremieux-aulnay.fr\/index.php?rest_route=\/wp\/v2\/posts\/720","targetHints":{"allow":["GET"]}}],"collection":[{"href":"https:\/\/vivremieux-aulnay.fr\/index.php?rest_route=\/wp\/v2\/posts"}],"about":[{"href":"https:\/\/vivremieux-aulnay.fr\/index.php?rest_route=\/wp\/v2\/types\/post"}],"author":[{"embeddable":true,"href":"https:\/\/vivremieux-aulnay.fr\/index.php?rest_route=\/wp\/v2\/users\/4"}],"replies":[{"embeddable":true,"href":"https:\/\/vivremieux-aulnay.fr\/index.php?rest_route=%2Fwp%2Fv2%2Fcomments&post=720"}],"version-history":[{"count":3,"href":"https:\/\/vivremieux-aulnay.fr\/index.php?rest_route=\/wp\/v2\/posts\/720\/revisions"}],"predecessor-version":[{"id":725,"href":"https:\/\/vivremieux-aulnay.fr\/index.php?rest_route=\/wp\/v2\/posts\/720\/revisions\/725"}],"wp:attachment":[{"href":"https:\/\/vivremieux-aulnay.fr\/index.php?rest_route=%2Fwp%2Fv2%2Fmedia&parent=720"}],"wp:term":[{"taxonomy":"category","embeddable":true,"href":"https:\/\/vivremieux-aulnay.fr\/index.php?rest_route=%2Fwp%2Fv2%2Fcategories&post=720"},{"taxonomy":"post_tag","embeddable":true,"href":"https:\/\/vivremieux-aulnay.fr\/index.php?rest_route=%2Fwp%2Fv2%2Ftags&post=720"}],"curies":[{"name":"wp","href":"https:\/\/api.w.org\/{rel}","templated":true}]}}