{"id":713,"date":"2019-06-18T16:33:44","date_gmt":"2019-06-18T15:33:44","guid":{"rendered":"https:\/\/vivremieux-aulnay.fr\/?p=713"},"modified":"2019-06-18T16:33:56","modified_gmt":"2019-06-18T15:33:56","slug":"invitation-val-francilia-ou-la-fin-de-notre-parc-ballanger","status":"publish","type":"post","link":"https:\/\/vivremieux-aulnay.fr\/?p=713","title":{"rendered":"INVITATION: Val Francilia ou la fin de notre parc Ballanger"},"content":{"rendered":"\n<div class=\"wp-block-image\"><figure class=\"alignright is-resized\"><a href=\"https:\/\/vivremieux-aulnay.fr\/wp-content\/uploads\/2019\/06\/Projet-flyer-ValFrancilia-4.jpg\"><img loading=\"lazy\" decoding=\"async\" src=\"https:\/\/vivremieux-aulnay.fr\/wp-content\/uploads\/2019\/06\/Projet-flyer-ValFrancilia-4.jpg\" alt=\"\" class=\"wp-image-715\" width=\"285\" height=\"423\" srcset=\"https:\/\/vivremieux-aulnay.fr\/wp-content\/uploads\/2019\/06\/Projet-flyer-ValFrancilia-4.jpg 570w, https:\/\/vivremieux-aulnay.fr\/wp-content\/uploads\/2019\/06\/Projet-flyer-ValFrancilia-4-202x300.jpg 202w\" sizes=\"auto, (max-width: 285px) 100vw, 285px\" \/><\/a><\/figure><\/div>\n\n\n\n<p>Nous avons le plaisir de co-organiser une grande soir\u00e9e commune de mobilisation pour sauver le Parc Ballanger jeudi 20 juin \u00e0 19h45 face au danger que repr\u00e9sente le projet Val Francilia. Cette r\u00e9union d&rsquo;informations, d&rsquo;\u00e9changes, d&rsquo;actions pour l&rsquo;abandon du projet est en partenariat avec <a href=\"https:\/\/aulnayenvironnement.fr\/\">Aulnay Environnement<\/a>, le <a href=\"https:\/\/www.cada93.com\">Cercle Amical D\u00e9mocratique Aulnaysien<\/a> (CADA) et avec la participation du <a href=\"http:\/\/ballanger.aulnaybiencommun.fr\/\">collectif Aulnay Bien Commun<\/a> (ABC).<\/p>\n\n\n\n<p>Venez en discuter<br><strong> jeudi 20 juin 2019 \u00e0 19h45<\/strong>, salle Dumont<br> (Salle Dumont, Parc Dumont, face \u00e0 la gare RER\u00a0B d\u2019Aulnay-sous-Bois.)<\/p>\n\n\n\n<p>Vous pouvez contribuer au buffet participatif en apportant plat ou boissons.<\/p>\n","protected":false},"excerpt":{"rendered":"<p>Nous avons le plaisir de co-organiser une grande soir\u00e9e commune de mobilisation pour sauver le Parc Ballanger jeudi 20 juin \u00e0 19h45 face au danger que repr\u00e9sente le projet Val Francilia. Cette r\u00e9union d&rsquo;informations, d&rsquo;\u00e9changes, d&rsquo;actions pour l&rsquo;abandon du projet est en partenariat avec Aulnay Environnement, le Cercle Amical D\u00e9mocratique Aulnaysien (CADA) et avec la &hellip; <a href=\"https:\/\/vivremieux-aulnay.fr\/?p=713\" class=\"more-link\">Continuer la lecture de <span class=\"screen-reader-text\">INVITATION: Val Francilia ou la fin de notre parc Ballanger<\/span> <span class=\"meta-nav\">&rarr;<\/span><\/a><\/p>\n","protected":false},"author":1,"featured_media":0,"comment_status":"open","ping_status":"open","sticky":false,"template":"","format":"standard","meta":{"footnotes":""},"categories":[3,20],"tags":[],"class_list":["post-713","post","type-post","status-publish","format-standard","hentry","category-les-rencontres-aulnaysiennes-de-vme","category-val-francilia"],"_links":{"self":[{"href":"https:\/\/vivremieux-aulnay.fr\/index.php?rest_route=\/wp\/v2\/posts\/713","targetHints":{"allow":["GET"]}}],"collection":[{"href":"https:\/\/vivremieux-aulnay.fr\/index.php?rest_route=\/wp\/v2\/posts"}],"about":[{"href":"https:\/\/vivremieux-aulnay.fr\/index.php?rest_route=\/wp\/v2\/types\/post"}],"author":[{"embeddable":true,"href":"https:\/\/vivremieux-aulnay.fr\/index.php?rest_route=\/wp\/v2\/users\/1"}],"replies":[{"embeddable":true,"href":"https:\/\/vivremieux-aulnay.fr\/index.php?rest_route=%2Fwp%2Fv2%2Fcomments&post=713"}],"version-history":[{"count":4,"href":"https:\/\/vivremieux-aulnay.fr\/index.php?rest_route=\/wp\/v2\/posts\/713\/revisions"}],"predecessor-version":[{"id":718,"href":"https:\/\/vivremieux-aulnay.fr\/index.php?rest_route=\/wp\/v2\/posts\/713\/revisions\/718"}],"wp:attachment":[{"href":"https:\/\/vivremieux-aulnay.fr\/index.php?rest_route=%2Fwp%2Fv2%2Fmedia&parent=713"}],"wp:term":[{"taxonomy":"category","embeddable":true,"href":"https:\/\/vivremieux-aulnay.fr\/index.php?rest_route=%2Fwp%2Fv2%2Fcategories&post=713"},{"taxonomy":"post_tag","embeddable":true,"href":"https:\/\/vivremieux-aulnay.fr\/index.php?rest_route=%2Fwp%2Fv2%2Ftags&post=713"}],"curies":[{"name":"wp","href":"https:\/\/api.w.org\/{rel}","templated":true}]}}