{"id":708,"date":"2019-05-21T18:02:02","date_gmt":"2019-05-21T17:02:02","guid":{"rendered":"https:\/\/vivremieux-aulnay.fr\/?p=708"},"modified":"2019-05-21T18:02:03","modified_gmt":"2019-05-21T17:02:03","slug":"vme-propose-un-contre-projet-qui-bonifie-val-francilia-en-evitant-la-betonisation-du-parc-ballanger","status":"publish","type":"post","link":"https:\/\/vivremieux-aulnay.fr\/?p=708","title":{"rendered":"VME propose un contre-projet qui bonifie Val Francilia en \u00e9vitant la b\u00e9tonisation du parc Ballanger"},"content":{"rendered":"\n<p>Communiqu\u00e9 de presse, Aulnay-sous-Bois le 21 mai 2018<\/p>\n\n\n\n<p><strong>L\u2019association a remis le 20 mai 2019 un long cahier d\u2019acteur  avec nombre de propositions afin de bonifier le projet,  notamment en proposant une continuit\u00e9 urbaine plus  pertinente \u00e0 celle qui imposait une b\u00e9tonisation \u00ab non  n\u00e9gociable \u00bb du parc.<\/strong><\/p>\n\n\n\n<p> Dans ce document, l\u2019association souligne l\u2019inad\u00e9quation du projet Val Francilia avec les objectifs climatiques et de biodiversit\u00e9 et propose notamment de le transformer en une ambitieuse \u00ab agro\u00e9co-valley \u00bb, qui pourrait constituer un p\u00f4le \u00e9conomique et de formation attractif dans toute l\u2019Europe, en s\u2019appuyant sur les ressources et les dynamismes existants en proximit\u00e9 imm\u00e9diate mais qui ont \u00e9t\u00e9 malheureusement ignor\u00e9s. VME s\u2019inqui\u00e8te ensuite des graves inconv\u00e9nients du projet actuel en mati\u00e8re d\u2019am\u00e9nagement urbain et de nuisances de vie et pr\u00e9sente une solution de densification et de continuit\u00e9 urbaine qui para\u00eet plus pertinente et vivable. Pour terminer, l\u2019association appelle \u00e0 la fin de l\u2019opacit\u00e9 sur le projet et soumet une red\u00e9finition d\u00e9mocratique de celui-ci.<\/p>\n\n\n\n<p><a href=\"https:\/\/vivremieux-aulnay.fr\/wp-content\/uploads\/2019\/05\/cahierActeurV4d.pdf\"> Le cahier d\u2019acteur est t\u00e9l\u00e9chargeable ici<\/a>.<\/p>\n\n\n\n<figure class=\"wp-block-image\"><img loading=\"lazy\" decoding=\"async\" width=\"1024\" height=\"404\" src=\"https:\/\/vivremieux-aulnay.fr\/wp-content\/uploads\/2019\/05\/deuxProjets-1024x404.jpg\" alt=\"\" class=\"wp-image-709\" srcset=\"https:\/\/vivremieux-aulnay.fr\/wp-content\/uploads\/2019\/05\/deuxProjets.jpg 1024w, https:\/\/vivremieux-aulnay.fr\/wp-content\/uploads\/2019\/05\/deuxProjets-300x118.jpg 300w, https:\/\/vivremieux-aulnay.fr\/wp-content\/uploads\/2019\/05\/deuxProjets-768x303.jpg 768w\" sizes=\"auto, (max-width: 1024px) 100vw, 1024px\" \/><figcaption>Destruction de la biodiversit\u00e9, aggravation climatique, nuisances sonores, d\u00e9veloppement pens\u00e9 pour le 20e si\u00e8cle, opacit\u00e9\u2026 l\u2019association propose un projet alternatif et ambitieux respectant le patrimoine vivant et les habitants.<\/figcaption><\/figure>\n\n\n\n<p><\/p>\n","protected":false},"excerpt":{"rendered":"<p>Communiqu\u00e9 de presse, Aulnay-sous-Bois le 21 mai 2018 L\u2019association a remis le 20 mai 2019 un long cahier d\u2019acteur avec nombre de propositions afin de bonifier le projet, notamment en proposant une continuit\u00e9 urbaine plus pertinente \u00e0 celle qui imposait une b\u00e9tonisation \u00ab non n\u00e9gociable \u00bb du parc. Dans ce document, l\u2019association souligne l\u2019inad\u00e9quation du &hellip; <a href=\"https:\/\/vivremieux-aulnay.fr\/?p=708\" class=\"more-link\">Continuer la lecture de <span class=\"screen-reader-text\">VME propose un contre-projet qui bonifie Val Francilia en \u00e9vitant la b\u00e9tonisation du parc Ballanger<\/span> <span class=\"meta-nav\">&rarr;<\/span><\/a><\/p>\n","protected":false},"author":1,"featured_media":0,"comment_status":"open","ping_status":"open","sticky":false,"template":"","format":"standard","meta":{"footnotes":""},"categories":[16,20],"tags":[],"class_list":["post-708","post","type-post","status-publish","format-standard","hentry","category-communique","category-val-francilia"],"_links":{"self":[{"href":"https:\/\/vivremieux-aulnay.fr\/index.php?rest_route=\/wp\/v2\/posts\/708","targetHints":{"allow":["GET"]}}],"collection":[{"href":"https:\/\/vivremieux-aulnay.fr\/index.php?rest_route=\/wp\/v2\/posts"}],"about":[{"href":"https:\/\/vivremieux-aulnay.fr\/index.php?rest_route=\/wp\/v2\/types\/post"}],"author":[{"embeddable":true,"href":"https:\/\/vivremieux-aulnay.fr\/index.php?rest_route=\/wp\/v2\/users\/1"}],"replies":[{"embeddable":true,"href":"https:\/\/vivremieux-aulnay.fr\/index.php?rest_route=%2Fwp%2Fv2%2Fcomments&post=708"}],"version-history":[{"count":2,"href":"https:\/\/vivremieux-aulnay.fr\/index.php?rest_route=\/wp\/v2\/posts\/708\/revisions"}],"predecessor-version":[{"id":711,"href":"https:\/\/vivremieux-aulnay.fr\/index.php?rest_route=\/wp\/v2\/posts\/708\/revisions\/711"}],"wp:attachment":[{"href":"https:\/\/vivremieux-aulnay.fr\/index.php?rest_route=%2Fwp%2Fv2%2Fmedia&parent=708"}],"wp:term":[{"taxonomy":"category","embeddable":true,"href":"https:\/\/vivremieux-aulnay.fr\/index.php?rest_route=%2Fwp%2Fv2%2Fcategories&post=708"},{"taxonomy":"post_tag","embeddable":true,"href":"https:\/\/vivremieux-aulnay.fr\/index.php?rest_route=%2Fwp%2Fv2%2Ftags&post=708"}],"curies":[{"name":"wp","href":"https:\/\/api.w.org\/{rel}","templated":true}]}}