{"id":689,"date":"2019-05-14T12:00:39","date_gmt":"2019-05-14T11:00:39","guid":{"rendered":"https:\/\/vivremieux-aulnay.fr\/?p=689"},"modified":"2019-05-14T12:01:01","modified_gmt":"2019-05-14T11:01:01","slug":"invitation-le-municipalisme-peut-il-reenchanter-la-democratie-locale-en-europe","status":"publish","type":"post","link":"https:\/\/vivremieux-aulnay.fr\/?p=689","title":{"rendered":"INVITATION: Le municipalisme peut-il r\u00e9enchanter la d\u00e9mocratie locale en Europe\u00a0?"},"content":{"rendered":"\n<div class=\"wp-block-image\"><figure class=\"alignright\"><a href=\"https:\/\/vivremieux-aulnay.fr\/wp-content\/uploads\/2019\/05\/rencontre_16_maiV2.pdf\"><img loading=\"lazy\" decoding=\"async\" width=\"247\" height=\"350\" src=\"https:\/\/vivremieux-aulnay.fr\/wp-content\/uploads\/2019\/05\/rencontre_16_maiV2-small.jpg\" alt=\"\" class=\"wp-image-696\" srcset=\"https:\/\/vivremieux-aulnay.fr\/wp-content\/uploads\/2019\/05\/rencontre_16_maiV2-small.jpg 247w, https:\/\/vivremieux-aulnay.fr\/wp-content\/uploads\/2019\/05\/rencontre_16_maiV2-small-212x300.jpg 212w\" sizes=\"auto, (max-width: 247px) 100vw, 247px\" \/><\/a><\/figure><\/div>\n\n\n\n<p><strong> Des \u00e9lus administr\u00e9s par les habitants, est-ce possible?<\/strong><\/p>\n\n\n\n<p>\nAvec\nune invit\u00e9e passionnante et experte, nous vous invitons ce mois-ci \u00e0\nd\u00e9couvrir des citoyen.ne.s qui pratiquent (une d\u00e9mocratie ouverte,\nconcr\u00e8te et approfondie \u00e0 l\u2019\u00e9chelle de leur commune, petite ou\ngrande.<\/p>\n\n\n\n<p>\n\u00c9lisabeth\nDau est l\u2019une des figures du renouveau de la d\u00e9mocratie en Europe,\nen travaillant la question du municipalisme dans le Mouvement Utopia\net en conseillant CommonsPolis. Elle nous expliquera les processus\nd\u00e9mo-cratiques mis en place \u00e0 Barcelone, Saillans et Grenoble\nqu\u2019elle a accompagn\u00e9s et nous pr\u00e9sentera des repr\u00e9sentants de\ncollectifs citoyens en \u00cele-de-France, dont le collectif Aulnay Bien\nCommun.<\/p>\n\n\n\n<p> Venez en discuter <strong>Jeudi 16 mai 2019 \u00e0 19h45 <\/strong>salle Dumont<\/p>\n","protected":false},"excerpt":{"rendered":"<p>Des \u00e9lus administr\u00e9s par les habitants, est-ce possible? Avec une invit\u00e9e passionnante et experte, nous vous invitons ce mois-ci \u00e0 d\u00e9couvrir des citoyen.ne.s qui pratiquent (une d\u00e9mocratie ouverte, concr\u00e8te et approfondie \u00e0 l\u2019\u00e9chelle de leur commune, petite ou grande. \u00c9lisabeth Dau est l\u2019une des figures du renouveau de la d\u00e9mocratie en Europe, en travaillant la &hellip; <a href=\"https:\/\/vivremieux-aulnay.fr\/?p=689\" class=\"more-link\">Continuer la lecture de <span class=\"screen-reader-text\">INVITATION: Le municipalisme peut-il r\u00e9enchanter la d\u00e9mocratie locale en Europe\u00a0?<\/span> <span class=\"meta-nav\">&rarr;<\/span><\/a><\/p>\n","protected":false},"author":1,"featured_media":0,"comment_status":"open","ping_status":"open","sticky":false,"template":"","format":"standard","meta":{"footnotes":""},"categories":[3],"tags":[],"class_list":["post-689","post","type-post","status-publish","format-standard","hentry","category-les-rencontres-aulnaysiennes-de-vme"],"_links":{"self":[{"href":"https:\/\/vivremieux-aulnay.fr\/index.php?rest_route=\/wp\/v2\/posts\/689","targetHints":{"allow":["GET"]}}],"collection":[{"href":"https:\/\/vivremieux-aulnay.fr\/index.php?rest_route=\/wp\/v2\/posts"}],"about":[{"href":"https:\/\/vivremieux-aulnay.fr\/index.php?rest_route=\/wp\/v2\/types\/post"}],"author":[{"embeddable":true,"href":"https:\/\/vivremieux-aulnay.fr\/index.php?rest_route=\/wp\/v2\/users\/1"}],"replies":[{"embeddable":true,"href":"https:\/\/vivremieux-aulnay.fr\/index.php?rest_route=%2Fwp%2Fv2%2Fcomments&post=689"}],"version-history":[{"count":3,"href":"https:\/\/vivremieux-aulnay.fr\/index.php?rest_route=\/wp\/v2\/posts\/689\/revisions"}],"predecessor-version":[{"id":700,"href":"https:\/\/vivremieux-aulnay.fr\/index.php?rest_route=\/wp\/v2\/posts\/689\/revisions\/700"}],"wp:attachment":[{"href":"https:\/\/vivremieux-aulnay.fr\/index.php?rest_route=%2Fwp%2Fv2%2Fmedia&parent=689"}],"wp:term":[{"taxonomy":"category","embeddable":true,"href":"https:\/\/vivremieux-aulnay.fr\/index.php?rest_route=%2Fwp%2Fv2%2Fcategories&post=689"},{"taxonomy":"post_tag","embeddable":true,"href":"https:\/\/vivremieux-aulnay.fr\/index.php?rest_route=%2Fwp%2Fv2%2Ftags&post=689"}],"curies":[{"name":"wp","href":"https:\/\/api.w.org\/{rel}","templated":true}]}}