{"id":679,"date":"2019-04-14T21:33:48","date_gmt":"2019-04-14T20:33:48","guid":{"rendered":"https:\/\/vivremieux-aulnay.fr\/?p=679"},"modified":"2019-04-14T21:33:49","modified_gmt":"2019-04-14T20:33:49","slug":"invitation-projection-augmentee-pour-se-questionner-sur-la-democratie","status":"publish","type":"post","link":"https:\/\/vivremieux-aulnay.fr\/?p=679","title":{"rendered":"INVITATION: Projection \u00ab\u00a0augment\u00e9e\u00a0\u00bb pour se questionner sur la d\u00e9mocratie"},"content":{"rendered":"\n<figure class=\"wp-block-image\"><img loading=\"lazy\" decoding=\"async\" width=\"570\" height=\"315\" src=\"https:\/\/vivremieux-aulnay.fr\/wp-content\/uploads\/2019\/04\/maxresdefault2-small.jpg\" alt=\"\" class=\"wp-image-684\" srcset=\"https:\/\/vivremieux-aulnay.fr\/wp-content\/uploads\/2019\/04\/maxresdefault2-small.jpg 570w, https:\/\/vivremieux-aulnay.fr\/wp-content\/uploads\/2019\/04\/maxresdefault2-small-300x166.jpg 300w\" sizes=\"auto, (max-width: 570px) 100vw, 570px\" \/><\/figure>\n\n\n\n<p>Ce film en licence libre, sorti en mai 2018, gr\u00e2ce au financement de 7819 personnes propose un voyage en d\u00e9mocratie(s). Au fil des semaines puis des mois, au gr\u00e9 des rencontres, des \u00e9changes et des lectures, les auteurs questionnent ce mot \u00e9trange : la d\u00e9mocratie.<br> Nous vous proposons de voir ce film dans un format unique, interactif et dynamique o\u00f9 chaque s\u00e9quence est am\u00e9lior\u00e9e par un \u00ab pense-\u00e9coute \u00bb qui permet d\u2019enrichir sa r\u00e9flexion en temps r\u00e9el gr\u00e2ce au partage des \u00ab id\u00e9es g\u00e9niales \u00bb.<\/p>\n\n\n\n<p style=\"text-align:center\"><strong>Jeudi 18 avril 2019 \u00e0 19h45  Salle Dumont,<\/strong><\/p>\n\n\n\n<div class=\"wp-block-image\"><figure class=\"aligncenter\"><a href=\"https:\/\/vivremieux-aulnay.fr\/wp-content\/uploads\/2019\/04\/20190414-Democratie-Datagueule.pdf\"><img decoding=\"async\" src=\"https:\/\/vivremieux-aulnay.fr\/wp-content\/uploads\/2019\/04\/20190414-Democratie-Datagueule-pdf-212x300.jpg\" alt=\"\"\/><\/a><figcaption>Invitation compl\u00e8te \u00e0 t\u00e9l\u00e9charger ici<\/figcaption><\/figure><\/div>\n","protected":false},"excerpt":{"rendered":"<p>Ce film en licence libre, sorti en mai 2018, gr\u00e2ce au financement de 7819 personnes propose un voyage en d\u00e9mocratie(s). Au fil des semaines puis des mois, au gr\u00e9 des rencontres, des \u00e9changes et des lectures, les auteurs questionnent ce mot \u00e9trange : la d\u00e9mocratie. Nous vous proposons de voir ce film dans un format &hellip; <a href=\"https:\/\/vivremieux-aulnay.fr\/?p=679\" class=\"more-link\">Continuer la lecture de <span class=\"screen-reader-text\">INVITATION: Projection \u00ab\u00a0augment\u00e9e\u00a0\u00bb pour se questionner sur la d\u00e9mocratie<\/span> <span class=\"meta-nav\">&rarr;<\/span><\/a><\/p>\n","protected":false},"author":1,"featured_media":0,"comment_status":"open","ping_status":"open","sticky":false,"template":"","format":"standard","meta":{"footnotes":""},"categories":[3],"tags":[],"class_list":["post-679","post","type-post","status-publish","format-standard","hentry","category-les-rencontres-aulnaysiennes-de-vme"],"_links":{"self":[{"href":"https:\/\/vivremieux-aulnay.fr\/index.php?rest_route=\/wp\/v2\/posts\/679","targetHints":{"allow":["GET"]}}],"collection":[{"href":"https:\/\/vivremieux-aulnay.fr\/index.php?rest_route=\/wp\/v2\/posts"}],"about":[{"href":"https:\/\/vivremieux-aulnay.fr\/index.php?rest_route=\/wp\/v2\/types\/post"}],"author":[{"embeddable":true,"href":"https:\/\/vivremieux-aulnay.fr\/index.php?rest_route=\/wp\/v2\/users\/1"}],"replies":[{"embeddable":true,"href":"https:\/\/vivremieux-aulnay.fr\/index.php?rest_route=%2Fwp%2Fv2%2Fcomments&post=679"}],"version-history":[{"count":2,"href":"https:\/\/vivremieux-aulnay.fr\/index.php?rest_route=\/wp\/v2\/posts\/679\/revisions"}],"predecessor-version":[{"id":687,"href":"https:\/\/vivremieux-aulnay.fr\/index.php?rest_route=\/wp\/v2\/posts\/679\/revisions\/687"}],"wp:attachment":[{"href":"https:\/\/vivremieux-aulnay.fr\/index.php?rest_route=%2Fwp%2Fv2%2Fmedia&parent=679"}],"wp:term":[{"taxonomy":"category","embeddable":true,"href":"https:\/\/vivremieux-aulnay.fr\/index.php?rest_route=%2Fwp%2Fv2%2Fcategories&post=679"},{"taxonomy":"post_tag","embeddable":true,"href":"https:\/\/vivremieux-aulnay.fr\/index.php?rest_route=%2Fwp%2Fv2%2Ftags&post=679"}],"curies":[{"name":"wp","href":"https:\/\/api.w.org\/{rel}","templated":true}]}}