{"id":675,"date":"2019-04-05T15:36:30","date_gmt":"2019-04-05T14:36:30","guid":{"rendered":"https:\/\/vivremieux-aulnay.fr\/?p=675"},"modified":"2019-04-05T15:36:33","modified_gmt":"2019-04-05T14:36:33","slug":"la-seine-saint-denis-comme-vous-ne-lavez-jamais-vue","status":"publish","type":"post","link":"https:\/\/vivremieux-aulnay.fr\/?p=675","title":{"rendered":"La Seine-Saint-Denis  comme vous ne l\u2019avez jamais vue\u00a0!"},"content":{"rendered":"\n<p> Le cin\u00e9ma Jacques Pr\u00e9vert en partenariat avec notre association diffuse le film \u00ab\u00a0Mon Incroyable 93\u00a0\u00bb, le <strong>vendredi 12 avril 2019 \u00e0 19h30<\/strong>.<\/p>\n\n\n\n<p>Ce documentaire r\u00e9alis\u00e9 par Wael Sghaier est un voyage de 4 mois en Seine-Saint-Denis. Cam\u00e9ra en main, il est all\u00e9 rencontrer des  habitants et filmer le patrimoine s\u00e9quano-dionysiens. Il nous fait   d\u00e9couvrir ce territoire sous un autre angle et tente de d\u00e9construire les clich\u00e9s. <\/p>\n\n\n\n<p>La projection sera suivie d&rsquo;une rencontre avec le r\u00e9alisateur, son producteur Nabil Habassi ainsi que par une d\u00e9gustation de  miels propos\u00e9s par St\u00e9phane Dupont, l&rsquo;un des protagonistes du film.<\/p>\n\n\n\n<figure class=\"wp-block-image\"><img loading=\"lazy\" decoding=\"async\" width=\"570\" height=\"806\" src=\"https:\/\/vivremieux-aulnay.fr\/wp-content\/uploads\/2019\/04\/affiche_mon_incroyable.png\" alt=\"\" class=\"wp-image-676\" srcset=\"https:\/\/vivremieux-aulnay.fr\/wp-content\/uploads\/2019\/04\/affiche_mon_incroyable.png 570w, https:\/\/vivremieux-aulnay.fr\/wp-content\/uploads\/2019\/04\/affiche_mon_incroyable-212x300.png 212w\" sizes=\"auto, (max-width: 570px) 100vw, 570px\" \/><\/figure>\n","protected":false},"excerpt":{"rendered":"<p>Le cin\u00e9ma Jacques Pr\u00e9vert en partenariat avec notre association diffuse le film \u00ab\u00a0Mon Incroyable 93\u00a0\u00bb, le vendredi 12 avril 2019 \u00e0 19h30. Ce documentaire r\u00e9alis\u00e9 par Wael Sghaier est un voyage de 4 mois en Seine-Saint-Denis. Cam\u00e9ra en main, il est all\u00e9 rencontrer des habitants et filmer le patrimoine s\u00e9quano-dionysiens. Il nous fait d\u00e9couvrir ce &hellip; <a href=\"https:\/\/vivremieux-aulnay.fr\/?p=675\" class=\"more-link\">Continuer la lecture de <span class=\"screen-reader-text\">La Seine-Saint-Denis  comme vous ne l\u2019avez jamais vue\u00a0!<\/span> <span class=\"meta-nav\">&rarr;<\/span><\/a><\/p>\n","protected":false},"author":1,"featured_media":0,"comment_status":"open","ping_status":"open","sticky":false,"template":"","format":"standard","meta":{"footnotes":""},"categories":[8],"tags":[],"class_list":["post-675","post","type-post","status-publish","format-standard","hentry","category-manifestation"],"_links":{"self":[{"href":"https:\/\/vivremieux-aulnay.fr\/index.php?rest_route=\/wp\/v2\/posts\/675","targetHints":{"allow":["GET"]}}],"collection":[{"href":"https:\/\/vivremieux-aulnay.fr\/index.php?rest_route=\/wp\/v2\/posts"}],"about":[{"href":"https:\/\/vivremieux-aulnay.fr\/index.php?rest_route=\/wp\/v2\/types\/post"}],"author":[{"embeddable":true,"href":"https:\/\/vivremieux-aulnay.fr\/index.php?rest_route=\/wp\/v2\/users\/1"}],"replies":[{"embeddable":true,"href":"https:\/\/vivremieux-aulnay.fr\/index.php?rest_route=%2Fwp%2Fv2%2Fcomments&post=675"}],"version-history":[{"count":1,"href":"https:\/\/vivremieux-aulnay.fr\/index.php?rest_route=\/wp\/v2\/posts\/675\/revisions"}],"predecessor-version":[{"id":677,"href":"https:\/\/vivremieux-aulnay.fr\/index.php?rest_route=\/wp\/v2\/posts\/675\/revisions\/677"}],"wp:attachment":[{"href":"https:\/\/vivremieux-aulnay.fr\/index.php?rest_route=%2Fwp%2Fv2%2Fmedia&parent=675"}],"wp:term":[{"taxonomy":"category","embeddable":true,"href":"https:\/\/vivremieux-aulnay.fr\/index.php?rest_route=%2Fwp%2Fv2%2Fcategories&post=675"},{"taxonomy":"post_tag","embeddable":true,"href":"https:\/\/vivremieux-aulnay.fr\/index.php?rest_route=%2Fwp%2Fv2%2Ftags&post=675"}],"curies":[{"name":"wp","href":"https:\/\/api.w.org\/{rel}","templated":true}]}}