{"id":665,"date":"2019-03-13T17:59:52","date_gmt":"2019-03-13T16:59:52","guid":{"rendered":"https:\/\/vivremieux-aulnay.fr\/?p=665"},"modified":"2019-03-13T18:07:14","modified_gmt":"2019-03-13T17:07:14","slug":"programme-de-la-journee-festive-du-16-mars-pour-defendre-la-fraternite-dans-la-diversite","status":"publish","type":"post","link":"https:\/\/vivremieux-aulnay.fr\/?p=665","title":{"rendered":"Programme de la journ\u00e9e festive du 16 mars pour d\u00e9fendre la fraternit\u00e9 dans la diversit\u00e9"},"content":{"rendered":"\n<figure class=\"wp-block-image\"><a href=\"https:\/\/vivremieux-aulnay.fr\/wp-content\/uploads\/2019\/03\/invitation_16mars.pdf\"><img loading=\"lazy\" decoding=\"async\" width=\"605\" height=\"428\" src=\"https:\/\/vivremieux-aulnay.fr\/wp-content\/uploads\/2019\/03\/flyer.jpg\" alt=\"\" class=\"wp-image-669\" srcset=\"https:\/\/vivremieux-aulnay.fr\/wp-content\/uploads\/2019\/03\/flyer.jpg 605w, https:\/\/vivremieux-aulnay.fr\/wp-content\/uploads\/2019\/03\/flyer-300x212.jpg 300w\" sizes=\"auto, (max-width: 605px) 100vw, 605px\" \/><\/a><figcaption>T\u00e9l\u00e9chargez l&rsquo;invitation<\/figcaption><\/figure>\n\n\n\n<p>La grande f\u00eate pour la fraternit\u00e9 dans la diversit\u00e9 se tiendra ce <strong>samedi 16 mars 2019 de 15h \u00e0 0h30 salle Chanteloup<\/strong> \u00e0 Aulnay-sous-Bois.<\/p>\n\n\n\n<p>Vous y trouverez :<\/p>\n\n\n\n<ul class=\"wp-block-list\"><li>Le collectif \u00ab\u00a0<a href=\"https:\/\/www.youtube.com\/watch?v=bqNvW1cMGAQ\">Noire n&rsquo;est pas mon m\u00e9tier<\/a>\u00a0\u00bb que l&rsquo;on a beaucoup vu dans les           m\u00e9dias et notamment <a href=\"https:\/\/www.bfmtv.com\/mediaplayer\/video\/festival-de-cannes-noires-n-est-pas-leur-metier-1073947.html\">\u00e0 Cannes<\/a> pour d\u00e9noncer le racisme dans le cin\u00e9ma.<\/li><li>Une ouverture en rythme: une batucada au rythme br\u00e9silien et Power Jazz trio.<\/li><li>Des chanteurs: Le rappeur Aulnaysien <a href=\"https:\/\/www.youtube.com\/watch?v=UWHfhb_QATw\">E-Mersion<\/a>,  l&rsquo;ensemble vocal <a href=\"https:\/\/changerdairs.jimdo.com\/\">Changer d&rsquo;airs<\/a> pour un spectacle plein d&rsquo;humour, le slamer <a href=\"https:\/\/www.youtube.com\/watch?v=22mCLuFC4tA\">Mc Boulette<\/a><\/li><li>L&rsquo;incroyable voyage en Seine-Saint-Denis avec Wael Sglaier mis en lumi\u00e8re  <a href=\"http:\/\/www.leparisien.fr\/seine-saint-denis-93\/de-son-voyage-en-seine-saint-denis-il-a-tire-un-film-14-01-2019-7988706.php\">dans un long article du Parisien<\/a><\/li><li>Trois concert: Les Wankers, Bowie for Ever, et Rock on wood qui avaient d\u00e9j\u00e0 endiabl\u00e9 la sc\u00e8ne l&rsquo;ann\u00e9e derni\u00e8re<\/li><li>Des associations aulnaysiennes: Aulnay Environnement, La  passerelle de l&rsquo;espoir, la ressourcerie 2 mains, CADA93 &#8211; Cercle Amical D\u00e9mocratique Aulnaysien, RESF et le Collectif ABC<\/li><li>D&rsquo;autres rencontres associatives: Amnesty International  France, AIDES, CIMADE, LDH et SOS Homophobie<\/li><\/ul>\n\n\n\n<figure class=\"wp-block-image\"><a href=\"https:\/\/padlet.com\/vmieuxensemble\/FIESTA16mars2019\"><img loading=\"lazy\" decoding=\"async\" width=\"800\" height=\"458\" src=\"https:\/\/vivremieux-aulnay.fr\/wp-content\/uploads\/2019\/03\/ProgrammeFete16Mars.jpg\" alt=\"\" class=\"wp-image-666\" srcset=\"https:\/\/vivremieux-aulnay.fr\/wp-content\/uploads\/2019\/03\/ProgrammeFete16Mars.jpg 800w, https:\/\/vivremieux-aulnay.fr\/wp-content\/uploads\/2019\/03\/ProgrammeFete16Mars-300x172.jpg 300w, https:\/\/vivremieux-aulnay.fr\/wp-content\/uploads\/2019\/03\/ProgrammeFete16Mars-768x440.jpg 768w\" sizes=\"auto, (max-width: 800px) 100vw, 800px\" \/><\/a><figcaption>Retrouvez les d\u00e9tails du programme en cliquant sur cette image<\/figcaption><\/figure>\n","protected":false},"excerpt":{"rendered":"<p>La grande f\u00eate pour la fraternit\u00e9 dans la diversit\u00e9 se tiendra ce samedi 16 mars 2019 de 15h \u00e0 0h30 salle Chanteloup \u00e0 Aulnay-sous-Bois. Vous y trouverez : Le collectif \u00ab\u00a0Noire n&rsquo;est pas mon m\u00e9tier\u00a0\u00bb que l&rsquo;on a beaucoup vu dans les m\u00e9dias et notamment \u00e0 Cannes pour d\u00e9noncer le racisme dans le cin\u00e9ma. Une &hellip; <a href=\"https:\/\/vivremieux-aulnay.fr\/?p=665\" class=\"more-link\">Continuer la lecture de <span class=\"screen-reader-text\">Programme de la journ\u00e9e festive du 16 mars pour d\u00e9fendre la fraternit\u00e9 dans la diversit\u00e9<\/span> <span class=\"meta-nav\">&rarr;<\/span><\/a><\/p>\n","protected":false},"author":1,"featured_media":0,"comment_status":"open","ping_status":"open","sticky":false,"template":"","format":"standard","meta":{"footnotes":""},"categories":[19,8],"tags":[],"class_list":["post-665","post","type-post","status-publish","format-standard","hentry","category-la-vie-de-vme","category-manifestation"],"_links":{"self":[{"href":"https:\/\/vivremieux-aulnay.fr\/index.php?rest_route=\/wp\/v2\/posts\/665","targetHints":{"allow":["GET"]}}],"collection":[{"href":"https:\/\/vivremieux-aulnay.fr\/index.php?rest_route=\/wp\/v2\/posts"}],"about":[{"href":"https:\/\/vivremieux-aulnay.fr\/index.php?rest_route=\/wp\/v2\/types\/post"}],"author":[{"embeddable":true,"href":"https:\/\/vivremieux-aulnay.fr\/index.php?rest_route=\/wp\/v2\/users\/1"}],"replies":[{"embeddable":true,"href":"https:\/\/vivremieux-aulnay.fr\/index.php?rest_route=%2Fwp%2Fv2%2Fcomments&post=665"}],"version-history":[{"count":3,"href":"https:\/\/vivremieux-aulnay.fr\/index.php?rest_route=\/wp\/v2\/posts\/665\/revisions"}],"predecessor-version":[{"id":673,"href":"https:\/\/vivremieux-aulnay.fr\/index.php?rest_route=\/wp\/v2\/posts\/665\/revisions\/673"}],"wp:attachment":[{"href":"https:\/\/vivremieux-aulnay.fr\/index.php?rest_route=%2Fwp%2Fv2%2Fmedia&parent=665"}],"wp:term":[{"taxonomy":"category","embeddable":true,"href":"https:\/\/vivremieux-aulnay.fr\/index.php?rest_route=%2Fwp%2Fv2%2Fcategories&post=665"},{"taxonomy":"post_tag","embeddable":true,"href":"https:\/\/vivremieux-aulnay.fr\/index.php?rest_route=%2Fwp%2Fv2%2Ftags&post=665"}],"curies":[{"name":"wp","href":"https:\/\/api.w.org\/{rel}","templated":true}]}}