{"id":662,"date":"2019-03-11T15:38:37","date_gmt":"2019-03-11T14:38:37","guid":{"rendered":"https:\/\/vivremieux-aulnay.fr\/?p=662"},"modified":"2019-03-11T15:38:38","modified_gmt":"2019-03-11T14:38:38","slug":"16-mars-journee-festive-pour-defendre-la-fraternite-dans-la-diversite","status":"publish","type":"post","link":"https:\/\/vivremieux-aulnay.fr\/?p=662","title":{"rendered":"16 mars : Journ\u00e9e festive pour d\u00e9fendre la fraternit\u00e9 dans la diversit\u00e9"},"content":{"rendered":"\n<figure class=\"wp-block-image\"><img loading=\"lazy\" decoding=\"async\" width=\"670\" height=\"948\" src=\"https:\/\/vivremieux-aulnay.fr\/wp-content\/uploads\/2019\/03\/unnamed.jpg\" alt=\"\" class=\"wp-image-663\" srcset=\"https:\/\/vivremieux-aulnay.fr\/wp-content\/uploads\/2019\/03\/unnamed.jpg 670w, https:\/\/vivremieux-aulnay.fr\/wp-content\/uploads\/2019\/03\/unnamed-212x300.jpg 212w\" sizes=\"auto, (max-width: 670px) 100vw, 670px\" \/><\/figure>\n\n\n\n<p><a href=\"https:\/\/monaulnay.com\/2018\/03\/liberte-jecris-ton-nom-vme-a-chanteloup-le-24-de-15h-a-minuit.html\">L\u2019an dernier, nous f\u00eations la libert\u00e9, <\/a>cette ann\u00e9e, notre grande f\u00eate annuelle sera sous  sous le th\u00e8me de la fraternit\u00e9.<\/p>\n\n\n\n<p>Retrouvez-nous \u00e0 la salle Chanteloup, le 16 mars de 15h \u00e0 0h30!<\/p>\n\n\n\n<p><a href=\"https:\/\/padlet.com\/vmieuxensemble\/FIESTA16mars2019?fbclid=IwAR22MuKNlqRj8a9anAZfnln4sxag7Iwsf_-xHtLOIaaodTYQlHV1iMgUsgw\">Un programme riche en diversit\u00e9 \u00e0 d\u00e9couvrir en cliquant ici.<\/a><\/p>\n","protected":false},"excerpt":{"rendered":"<p>L\u2019an dernier, nous f\u00eations la libert\u00e9, cette ann\u00e9e, notre grande f\u00eate annuelle sera sous sous le th\u00e8me de la fraternit\u00e9. Retrouvez-nous \u00e0 la salle Chanteloup, le 16 mars de 15h \u00e0 0h30! Un programme riche en diversit\u00e9 \u00e0 d\u00e9couvrir en cliquant ici.<\/p>\n","protected":false},"author":1,"featured_media":0,"comment_status":"open","ping_status":"open","sticky":false,"template":"","format":"standard","meta":{"footnotes":""},"categories":[19,8],"tags":[],"class_list":["post-662","post","type-post","status-publish","format-standard","hentry","category-la-vie-de-vme","category-manifestation"],"_links":{"self":[{"href":"https:\/\/vivremieux-aulnay.fr\/index.php?rest_route=\/wp\/v2\/posts\/662","targetHints":{"allow":["GET"]}}],"collection":[{"href":"https:\/\/vivremieux-aulnay.fr\/index.php?rest_route=\/wp\/v2\/posts"}],"about":[{"href":"https:\/\/vivremieux-aulnay.fr\/index.php?rest_route=\/wp\/v2\/types\/post"}],"author":[{"embeddable":true,"href":"https:\/\/vivremieux-aulnay.fr\/index.php?rest_route=\/wp\/v2\/users\/1"}],"replies":[{"embeddable":true,"href":"https:\/\/vivremieux-aulnay.fr\/index.php?rest_route=%2Fwp%2Fv2%2Fcomments&post=662"}],"version-history":[{"count":1,"href":"https:\/\/vivremieux-aulnay.fr\/index.php?rest_route=\/wp\/v2\/posts\/662\/revisions"}],"predecessor-version":[{"id":664,"href":"https:\/\/vivremieux-aulnay.fr\/index.php?rest_route=\/wp\/v2\/posts\/662\/revisions\/664"}],"wp:attachment":[{"href":"https:\/\/vivremieux-aulnay.fr\/index.php?rest_route=%2Fwp%2Fv2%2Fmedia&parent=662"}],"wp:term":[{"taxonomy":"category","embeddable":true,"href":"https:\/\/vivremieux-aulnay.fr\/index.php?rest_route=%2Fwp%2Fv2%2Fcategories&post=662"},{"taxonomy":"post_tag","embeddable":true,"href":"https:\/\/vivremieux-aulnay.fr\/index.php?rest_route=%2Fwp%2Fv2%2Ftags&post=662"}],"curies":[{"name":"wp","href":"https:\/\/api.w.org\/{rel}","templated":true}]}}