{"id":656,"date":"2019-02-07T15:14:16","date_gmt":"2019-02-07T14:14:16","guid":{"rendered":"https:\/\/vivremieux-aulnay.fr\/?p=656"},"modified":"2019-02-07T15:14:18","modified_gmt":"2019-02-07T14:14:18","slug":"invitation-grand-atelier-debat-sur-la-democratie","status":"publish","type":"post","link":"https:\/\/vivremieux-aulnay.fr\/?p=656","title":{"rendered":"INVITATION: Grand atelier-d\u00e9bat sur la d\u00e9mocratie"},"content":{"rendered":"\n<p>\u00ab&nbsp;<a href=\"https:\/\/aulnayenvironnement.fr\/\">Aulnay Environnement<\/a>\u00ab&nbsp;, \u00ab&nbsp;<a href=\"https:\/\/www.cada93.com\/\">CADA<\/a>\u00ab&nbsp;, \u00ab&nbsp;<a href=\"http:\/\/site.ldh-france.org\/idf\/accueil\/rubrique-2\/sous-rubrique-2\/seine-saint-denis\/\">La Ligue des Droits de l\u2019Homme<\/a>&nbsp;\u00bb et <a href=\"https:\/\/vivremieux-aulnay.fr\/\">Vivre Mieux Ensemble<\/a>&nbsp;\u00bb organisent un d\u00e9bat public le jeudi 21 f\u00e9vrier dans la salle Dumont de 19h \u00e0 22h30.<\/p>\n\n\n\n<p>Le titre du d\u00e9bat est tir\u00e9 de la question num\u00e9ro 11 du chapitre \u2018<a href=\"https:\/\/granddebat.fr\/media\/default\/0001\/01\/8c954969fbba1f2cc8b27ac2c2537c458ae76915.pdf\">D\u00e9mocratie et Citoyennet\u00e9\u00a0<\/a>\u00bb :<em>Que faudrait-il-faire aujourd\u2019hui pour mieux associer les  citoyens aux grandes orientations et \u00e0 la d\u00e9cision publique\u00a0? Comment  mettre en place une d\u00e9mocratie plus participative?<\/em><\/p>\n\n\n\n<p>Inscription recommand\u00e9e sur &#x64;&#x65;&#x62;&#x61;&#116;&#46;&#97;&#115;soc&#x2e;&#x61;&#x75;&#x6c;&#x6e;&#97;&#121;&#64;gma&#x69;&#x6c;&#x2e;&#x63;&#x6f;&#109; et non d\u00e9bat comme indiqu\u00e9 sur le flyer<\/p>\n\n\n\n<p><a href=\"https:\/\/granddebat.fr\/events\/citoyens-acteurs-de-la-democratie\">Ce d\u00e9bat est inscrit sur le site du grand d\u00e9bat national.<\/a><\/p>\n\n\n\n<figure class=\"wp-block-image\"><img loading=\"lazy\" decoding=\"async\" width=\"600\" height=\"848\" src=\"https:\/\/vivremieux-aulnay.fr\/wp-content\/uploads\/2019\/02\/Flyer-GD-4-assoc.jpg\" alt=\"\" class=\"wp-image-658\" srcset=\"https:\/\/vivremieux-aulnay.fr\/wp-content\/uploads\/2019\/02\/Flyer-GD-4-assoc.jpg 600w, https:\/\/vivremieux-aulnay.fr\/wp-content\/uploads\/2019\/02\/Flyer-GD-4-assoc-212x300.jpg 212w\" sizes=\"auto, (max-width: 600px) 100vw, 600px\" \/><\/figure>\n","protected":false},"excerpt":{"rendered":"<p>\u00ab&nbsp;Aulnay Environnement\u00ab&nbsp;, \u00ab&nbsp;CADA\u00ab&nbsp;, \u00ab&nbsp;La Ligue des Droits de l\u2019Homme&nbsp;\u00bb et Vivre Mieux Ensemble&nbsp;\u00bb organisent un d\u00e9bat public le jeudi 21 f\u00e9vrier dans la salle Dumont de 19h \u00e0 22h30. Le titre du d\u00e9bat est tir\u00e9 de la question num\u00e9ro 11 du chapitre \u2018D\u00e9mocratie et Citoyennet\u00e9\u00a0\u00bb :Que faudrait-il-faire aujourd\u2019hui pour mieux associer les citoyens aux grandes &hellip; <a href=\"https:\/\/vivremieux-aulnay.fr\/?p=656\" class=\"more-link\">Continuer la lecture de <span class=\"screen-reader-text\">INVITATION: Grand atelier-d\u00e9bat sur la d\u00e9mocratie<\/span> <span class=\"meta-nav\">&rarr;<\/span><\/a><\/p>\n","protected":false},"author":1,"featured_media":0,"comment_status":"open","ping_status":"open","sticky":false,"template":"","format":"standard","meta":{"footnotes":""},"categories":[3],"tags":[],"class_list":["post-656","post","type-post","status-publish","format-standard","hentry","category-les-rencontres-aulnaysiennes-de-vme"],"_links":{"self":[{"href":"https:\/\/vivremieux-aulnay.fr\/index.php?rest_route=\/wp\/v2\/posts\/656","targetHints":{"allow":["GET"]}}],"collection":[{"href":"https:\/\/vivremieux-aulnay.fr\/index.php?rest_route=\/wp\/v2\/posts"}],"about":[{"href":"https:\/\/vivremieux-aulnay.fr\/index.php?rest_route=\/wp\/v2\/types\/post"}],"author":[{"embeddable":true,"href":"https:\/\/vivremieux-aulnay.fr\/index.php?rest_route=\/wp\/v2\/users\/1"}],"replies":[{"embeddable":true,"href":"https:\/\/vivremieux-aulnay.fr\/index.php?rest_route=%2Fwp%2Fv2%2Fcomments&post=656"}],"version-history":[{"count":3,"href":"https:\/\/vivremieux-aulnay.fr\/index.php?rest_route=\/wp\/v2\/posts\/656\/revisions"}],"predecessor-version":[{"id":660,"href":"https:\/\/vivremieux-aulnay.fr\/index.php?rest_route=\/wp\/v2\/posts\/656\/revisions\/660"}],"wp:attachment":[{"href":"https:\/\/vivremieux-aulnay.fr\/index.php?rest_route=%2Fwp%2Fv2%2Fmedia&parent=656"}],"wp:term":[{"taxonomy":"category","embeddable":true,"href":"https:\/\/vivremieux-aulnay.fr\/index.php?rest_route=%2Fwp%2Fv2%2Fcategories&post=656"},{"taxonomy":"post_tag","embeddable":true,"href":"https:\/\/vivremieux-aulnay.fr\/index.php?rest_route=%2Fwp%2Fv2%2Ftags&post=656"}],"curies":[{"name":"wp","href":"https:\/\/api.w.org\/{rel}","templated":true}]}}