{"id":649,"date":"2018-12-04T10:39:34","date_gmt":"2018-12-04T09:39:34","guid":{"rendered":"https:\/\/vivremieux-aulnay.fr\/?p=649"},"modified":"2018-12-04T10:39:53","modified_gmt":"2018-12-04T09:39:53","slug":"invitation-violences-homophobes-pma-ou-en-est-on","status":"publish","type":"post","link":"https:\/\/vivremieux-aulnay.fr\/?p=649","title":{"rendered":"INVITATION: Violences homophobes, PMA, o\u00f9 en est-on\u00a0?"},"content":{"rendered":"<p><a class=\"link-to-pdf\" title=\"rencontre_6_decembrev2\" href=\"https:\/\/vivremieux-aulnay.fr\/wp-content\/uploads\/2018\/12\/rencontre_6_decembrev2.pdf\" target=\"_blank\" rel=\"attachment noopener wp-att-651\"><img loading=\"lazy\" decoding=\"async\" class=\"alignright size-medium wp-image-652 thumb-of-pdf\" src=\"https:\/\/vivremieux-aulnay.fr\/wp-content\/uploads\/2018\/12\/rencontre_6_decembrev2-pdf-212x300.jpg\" alt=\"thumbnail of rencontre_6_decembrev2\" width=\"212\" height=\"300\" srcset=\"https:\/\/vivremieux-aulnay.fr\/wp-content\/uploads\/2018\/12\/rencontre_6_decembrev2-pdf-212x300.jpg 212w, https:\/\/vivremieux-aulnay.fr\/wp-content\/uploads\/2018\/12\/rencontre_6_decembrev2-pdf.jpg 724w\" sizes=\"auto, (max-width: 212px) 100vw, 212px\" \/><\/a>En 2018, les violences vis-\u00e0-vis des personnes lesbiennes, homosexuelles, trans se sont multipli\u00e9es\u00a0: agressions physiques, violences verbales, discriminations \u00e0 l\u2019embauche\u2026<br \/>\nDes femmes et des hommes sont attaqu\u00e9es et rou\u00e9es de coups dans notre pays parce qu\u2019ils ou elles aiment une personne de m\u00eame sexe\u00a0!<br \/>\nDans le m\u00eame temps, le projet de loi sur l\u2019extension de la Procr\u00e9ation M\u00e9dicalement Assist\u00e9e \u00e0 l\u2019ensemble des couples a de nouveau \u00e9t\u00e9 repouss\u00e9 \u00e0 l&rsquo;\u00e9t\u00e9 2019. Les d\u00e9bats d\u00e9rapent\u2026<\/p>\n<p style=\"text-align: center;\">C\u2019est pourquoi, nous vous invitons \u00e0 venir \u00e9couter et dialoguer avec<\/p>\n<p style=\"text-align: left;\"><strong>Sylvie Gras<\/strong>, D\u00e9l\u00e9gu\u00e9e IDF de SOS Homophobie \u00e0 l\u2019occasion de la sortie de leur rapport annuel,<br \/>\nNous accueillerons aussi une personne qui viendra partager un t\u00e9moignage de vie, sur le chemin de la PMA.<\/p>\n<p style=\"text-align: center;\"><strong>Jeudi 6 d\u00e9cembre 2018 \u00e0 19h45, salle Dumont<\/strong><\/p>\n","protected":false},"excerpt":{"rendered":"<p>En 2018, les violences vis-\u00e0-vis des personnes lesbiennes, homosexuelles, trans se sont multipli\u00e9es\u00a0: agressions physiques, violences verbales, discriminations \u00e0 l\u2019embauche\u2026 Des femmes et des hommes sont attaqu\u00e9es et rou\u00e9es de coups dans notre pays parce qu\u2019ils ou elles aiment une personne de m\u00eame sexe\u00a0! Dans le m\u00eame temps, le projet de loi sur l\u2019extension de &hellip; <a href=\"https:\/\/vivremieux-aulnay.fr\/?p=649\" class=\"more-link\">Continuer la lecture de <span class=\"screen-reader-text\">INVITATION: Violences homophobes, PMA, o\u00f9 en est-on\u00a0?<\/span> <span class=\"meta-nav\">&rarr;<\/span><\/a><\/p>\n","protected":false},"author":1,"featured_media":0,"comment_status":"open","ping_status":"open","sticky":false,"template":"","format":"standard","meta":{"footnotes":""},"categories":[18,3],"tags":[],"class_list":["post-649","post","type-post","status-publish","format-standard","hentry","category-discriminations","category-les-rencontres-aulnaysiennes-de-vme"],"_links":{"self":[{"href":"https:\/\/vivremieux-aulnay.fr\/index.php?rest_route=\/wp\/v2\/posts\/649","targetHints":{"allow":["GET"]}}],"collection":[{"href":"https:\/\/vivremieux-aulnay.fr\/index.php?rest_route=\/wp\/v2\/posts"}],"about":[{"href":"https:\/\/vivremieux-aulnay.fr\/index.php?rest_route=\/wp\/v2\/types\/post"}],"author":[{"embeddable":true,"href":"https:\/\/vivremieux-aulnay.fr\/index.php?rest_route=\/wp\/v2\/users\/1"}],"replies":[{"embeddable":true,"href":"https:\/\/vivremieux-aulnay.fr\/index.php?rest_route=%2Fwp%2Fv2%2Fcomments&post=649"}],"version-history":[{"count":3,"href":"https:\/\/vivremieux-aulnay.fr\/index.php?rest_route=\/wp\/v2\/posts\/649\/revisions"}],"predecessor-version":[{"id":654,"href":"https:\/\/vivremieux-aulnay.fr\/index.php?rest_route=\/wp\/v2\/posts\/649\/revisions\/654"}],"wp:attachment":[{"href":"https:\/\/vivremieux-aulnay.fr\/index.php?rest_route=%2Fwp%2Fv2%2Fmedia&parent=649"}],"wp:term":[{"taxonomy":"category","embeddable":true,"href":"https:\/\/vivremieux-aulnay.fr\/index.php?rest_route=%2Fwp%2Fv2%2Fcategories&post=649"},{"taxonomy":"post_tag","embeddable":true,"href":"https:\/\/vivremieux-aulnay.fr\/index.php?rest_route=%2Fwp%2Fv2%2Ftags&post=649"}],"curies":[{"name":"wp","href":"https:\/\/api.w.org\/{rel}","templated":true}]}}