{"id":642,"date":"2018-11-08T11:15:10","date_gmt":"2018-11-08T10:15:10","guid":{"rendered":"https:\/\/vivremieux-aulnay.fr\/?p=642"},"modified":"2018-11-08T11:15:10","modified_gmt":"2018-11-08T10:15:10","slug":"invitation-climat-or-not-climat-comment-agir-et-ne-pas-subir","status":"publish","type":"post","link":"https:\/\/vivremieux-aulnay.fr\/?p=642","title":{"rendered":"INVITATION &#8211; Climat or not climat : Comment agir et ne pas subir ?"},"content":{"rendered":"<p><a class=\"link-to-pdf\" title=\"rencontre_15_nobembreV3\" href=\"https:\/\/vivremieux-aulnay.fr\/wp-content\/uploads\/2018\/11\/rencontre_15_nobembreV3.pdf\" target=\"_blank\" rel=\"attachment noopener wp-att-643\"><img loading=\"lazy\" decoding=\"async\" class=\"alignright size-medium wp-image-644 thumb-of-pdf\" src=\"https:\/\/vivremieux-aulnay.fr\/wp-content\/uploads\/2018\/11\/rencontre_15_nobembreV3-pdf-212x300.jpg\" alt=\"thumbnail of rencontre_15_nobembreV3\" width=\"212\" height=\"300\" srcset=\"https:\/\/vivremieux-aulnay.fr\/wp-content\/uploads\/2018\/11\/rencontre_15_nobembreV3-pdf-212x300.jpg 212w, https:\/\/vivremieux-aulnay.fr\/wp-content\/uploads\/2018\/11\/rencontre_15_nobembreV3-pdf.jpg 724w\" sizes=\"auto, (max-width: 212px) 100vw, 212px\" \/><\/a>En 2018, le monde a subi des \u00e9v\u00e9nements climatiques sans pr\u00e9c\u00e9dent. Le 8 octobre dernier, les climatologues du GIEC nous ont alert\u00e9s sur les cons\u00e9quences de toute augmentation de temp\u00e9rature au-dessus de 1,5\u00a0\u00b0C et nous exhortent \u00e0 agir vite et de fa\u00e7on cons\u00e9quente. Il faut changer radicalement de pratiques en laissant notamment les combustibles fossiles sous terre.<\/p>\n<p>L\u2019\u00c9tat (qui autorise Total \u00e0 chercher du p\u00e9trole \u00e0 proximit\u00e9 des coraux guyanais) et les collectivit\u00e9s locales dont la n\u00f4tre (qui investit dans les parkings au d\u00e9triment des arbres, dans des routes coupant le parc Ballanger) raisonnent encore avec le logiciel du 20e si\u00e8cle.<\/p>\n<p><strong>Face \u00e0 ce constat, comment agir\u00a0?<\/strong><\/p>\n<p>Venez en discuter <strong>Jeudi 15 novembre 2018 \u00e0 19h45<\/strong> salle Dumont en pr\u00e9sence de <strong>Karim Lapp, pr\u00e9sident d\u2019Agir pour l\u2019environnement, \u00e9cologue<\/strong><\/p>\n","protected":false},"excerpt":{"rendered":"<p>En 2018, le monde a subi des \u00e9v\u00e9nements climatiques sans pr\u00e9c\u00e9dent. Le 8 octobre dernier, les climatologues du GIEC nous ont alert\u00e9s sur les cons\u00e9quences de toute augmentation de temp\u00e9rature au-dessus de 1,5\u00a0\u00b0C et nous exhortent \u00e0 agir vite et de fa\u00e7on cons\u00e9quente. Il faut changer radicalement de pratiques en laissant notamment les combustibles fossiles &hellip; <a href=\"https:\/\/vivremieux-aulnay.fr\/?p=642\" class=\"more-link\">Continuer la lecture de <span class=\"screen-reader-text\">INVITATION &#8211; Climat or not climat : Comment agir et ne pas subir ?<\/span> <span class=\"meta-nav\">&rarr;<\/span><\/a><\/p>\n","protected":false},"author":1,"featured_media":0,"comment_status":"open","ping_status":"open","sticky":false,"template":"","format":"standard","meta":{"footnotes":""},"categories":[3],"tags":[],"class_list":["post-642","post","type-post","status-publish","format-standard","hentry","category-les-rencontres-aulnaysiennes-de-vme"],"_links":{"self":[{"href":"https:\/\/vivremieux-aulnay.fr\/index.php?rest_route=\/wp\/v2\/posts\/642","targetHints":{"allow":["GET"]}}],"collection":[{"href":"https:\/\/vivremieux-aulnay.fr\/index.php?rest_route=\/wp\/v2\/posts"}],"about":[{"href":"https:\/\/vivremieux-aulnay.fr\/index.php?rest_route=\/wp\/v2\/types\/post"}],"author":[{"embeddable":true,"href":"https:\/\/vivremieux-aulnay.fr\/index.php?rest_route=\/wp\/v2\/users\/1"}],"replies":[{"embeddable":true,"href":"https:\/\/vivremieux-aulnay.fr\/index.php?rest_route=%2Fwp%2Fv2%2Fcomments&post=642"}],"version-history":[{"count":3,"href":"https:\/\/vivremieux-aulnay.fr\/index.php?rest_route=\/wp\/v2\/posts\/642\/revisions"}],"predecessor-version":[{"id":647,"href":"https:\/\/vivremieux-aulnay.fr\/index.php?rest_route=\/wp\/v2\/posts\/642\/revisions\/647"}],"wp:attachment":[{"href":"https:\/\/vivremieux-aulnay.fr\/index.php?rest_route=%2Fwp%2Fv2%2Fmedia&parent=642"}],"wp:term":[{"taxonomy":"category","embeddable":true,"href":"https:\/\/vivremieux-aulnay.fr\/index.php?rest_route=%2Fwp%2Fv2%2Fcategories&post=642"},{"taxonomy":"post_tag","embeddable":true,"href":"https:\/\/vivremieux-aulnay.fr\/index.php?rest_route=%2Fwp%2Fv2%2Ftags&post=642"}],"curies":[{"name":"wp","href":"https:\/\/api.w.org\/{rel}","templated":true}]}}