{"id":606,"date":"2018-05-12T05:43:31","date_gmt":"2018-05-12T04:43:31","guid":{"rendered":"http:\/\/vivremieux-aulnay.fr\/?p=606"},"modified":"2018-05-14T12:36:44","modified_gmt":"2018-05-14T11:36:44","slug":"invitation-routes-de-lexil-quel-accueil-en-france","status":"publish","type":"post","link":"https:\/\/vivremieux-aulnay.fr\/?p=606","title":{"rendered":"INVITATION \u2013\u00a0Routes de l\u2019exil : quel accueil en France\u00a0?"},"content":{"rendered":"<p><a class=\"link-to-pdf\" title=\"rencontre_17_mai_2018-small\" href=\"https:\/\/vivremieux-aulnay.fr\/wp-content\/uploads\/2018\/05\/rencontre_17_mai_2018-small.pdf\" target=\"_blank\" rel=\"attachment noopener wp-att-610\"><img loading=\"lazy\" decoding=\"async\" class=\"alignright size-medium wp-image-611 thumb-of-pdf\" src=\"https:\/\/vivremieux-aulnay.fr\/wp-content\/uploads\/2018\/05\/rencontre_17_mai_2018-small-pdf-232x300.jpg\" alt=\"thumbnail of rencontre_17_mai_2018-small\" width=\"232\" height=\"300\" \/><\/a><strong>Des hommes, des femmes, des enfants <\/strong>rrivent dans notre pays apr\u00e8s avoir parcouru des milliers de kilom\u00e8tres, souvent dans des conditions tragiques. Ils quittent leur pays pour \u00e9chapper aux conflits, aux famines, aux catastrophes \u00e9cologiques, \u00e0 la pauvret\u00e9. Sommes-nous collectivement \u00e0 la hauteur pour accueillir ces exil\u00e9\u00b7e\u00b7s et leur permettre de retrouver une existence digne et apais\u00e9e\u00a0?<br \/>\nTentatives de r\u00e9ponses et \u00e9clairages avec des associations citoyennes et des militant\u00b7e\u00b7s de la solidarit\u00e9\u00a0:<\/p>\n<ul>\n<li><strong>La r\u00e9alit\u00e9 des droits des \u00e9tranger\u00b7\u00e8re\u00b7s\u00a0? <\/strong>avec <span style=\"color: #ff0000;\">Odile Ghermani<\/span> de la <strong>LDH<\/strong><\/li>\n<li><strong>Qu\u2019en est-il de cette loi asile et immigration\u00a0? <\/strong>avec <span style=\"color: #ff0000;\">Asmae Amahli<\/span> et <span style=\"color: #ff0000;\">Louis Weinling<\/span> du <strong>GISTI<\/strong><\/li>\n<li><strong>Actions \u00e0 Aulnay pour les \u00e9tudiant\u00b7e\u00b7s et lyc\u00e9en\u00b7nes\u00a0?<\/strong> avec <span style=\"color: #ff0000;\">Jacqueline Prunier<\/span> du r\u00e9seau <strong>RESF<\/strong><\/li>\n<li><strong>Comment des simples citoyen\u00b7e\u00b7s peuvent s\u2019activer\u00a0? <\/strong><span style=\"color: #ff0000;\">J\u00e9r\u00f4me Musseau<\/span> (collectif citoyen de distributions de petits d\u00e9jeuners aux r\u00e9fugi\u00e9s \u00e0 Paris).<\/li>\n<\/ul>\n<p>La rencontre-d\u00e9bat sera pr\u00e9c\u00e9d\u00e9e d\u2019un buffet participatif. Nous vous y attendons nombreux\u00b7ses\u00a0: <strong>Jeudi 17 mai 2018 \u00e0 19h45<\/strong> salle Dumont, Parc Dumont, face \u00e0 la gare RER d\u2019Aulnay-sous-Bois.<\/p>\n","protected":false},"excerpt":{"rendered":"<p>Des hommes, des femmes, des enfants rrivent dans notre pays apr\u00e8s avoir parcouru des milliers de kilom\u00e8tres, souvent dans des conditions tragiques. Ils quittent leur pays pour \u00e9chapper aux conflits, aux famines, aux catastrophes \u00e9cologiques, \u00e0 la pauvret\u00e9. Sommes-nous collectivement \u00e0 la hauteur pour accueillir ces exil\u00e9\u00b7e\u00b7s et leur permettre de retrouver une existence digne &hellip; <a href=\"https:\/\/vivremieux-aulnay.fr\/?p=606\" class=\"more-link\">Continuer la lecture de <span class=\"screen-reader-text\">INVITATION \u2013\u00a0Routes de l\u2019exil : quel accueil en France\u00a0?<\/span> <span class=\"meta-nav\">&rarr;<\/span><\/a><\/p>\n","protected":false},"author":1,"featured_media":0,"comment_status":"open","ping_status":"open","sticky":false,"template":"","format":"standard","meta":{"footnotes":""},"categories":[3],"tags":[],"class_list":["post-606","post","type-post","status-publish","format-standard","hentry","category-les-rencontres-aulnaysiennes-de-vme"],"_links":{"self":[{"href":"https:\/\/vivremieux-aulnay.fr\/index.php?rest_route=\/wp\/v2\/posts\/606","targetHints":{"allow":["GET"]}}],"collection":[{"href":"https:\/\/vivremieux-aulnay.fr\/index.php?rest_route=\/wp\/v2\/posts"}],"about":[{"href":"https:\/\/vivremieux-aulnay.fr\/index.php?rest_route=\/wp\/v2\/types\/post"}],"author":[{"embeddable":true,"href":"https:\/\/vivremieux-aulnay.fr\/index.php?rest_route=\/wp\/v2\/users\/1"}],"replies":[{"embeddable":true,"href":"https:\/\/vivremieux-aulnay.fr\/index.php?rest_route=%2Fwp%2Fv2%2Fcomments&post=606"}],"version-history":[{"count":9,"href":"https:\/\/vivremieux-aulnay.fr\/index.php?rest_route=\/wp\/v2\/posts\/606\/revisions"}],"predecessor-version":[{"id":627,"href":"https:\/\/vivremieux-aulnay.fr\/index.php?rest_route=\/wp\/v2\/posts\/606\/revisions\/627"}],"wp:attachment":[{"href":"https:\/\/vivremieux-aulnay.fr\/index.php?rest_route=%2Fwp%2Fv2%2Fmedia&parent=606"}],"wp:term":[{"taxonomy":"category","embeddable":true,"href":"https:\/\/vivremieux-aulnay.fr\/index.php?rest_route=%2Fwp%2Fv2%2Fcategories&post=606"},{"taxonomy":"post_tag","embeddable":true,"href":"https:\/\/vivremieux-aulnay.fr\/index.php?rest_route=%2Fwp%2Fv2%2Ftags&post=606"}],"curies":[{"name":"wp","href":"https:\/\/api.w.org\/{rel}","templated":true}]}}