{"id":600,"date":"2018-04-06T16:43:12","date_gmt":"2018-04-06T15:43:12","guid":{"rendered":"http:\/\/vivremieux-aulnay.fr\/?p=600"},"modified":"2018-04-06T16:44:01","modified_gmt":"2018-04-06T15:44:01","slug":"un-appel-au-dialogue-et-a-la-mediation","status":"publish","type":"post","link":"https:\/\/vivremieux-aulnay.fr\/?p=600","title":{"rendered":"Un appel au dialogue et \u00e0 la m\u00e9diation"},"content":{"rendered":"<p><strong>Lettre commune d&rsquo;Aulnay Environnement et Vivre Mieux Ensemble \u00e0 Aulnay-sous-Bois<\/strong><\/p>\n<p><a class=\"link-to-pdf\" title=\"Un_appel_au_dialogue_et_a_la_mediation\" href=\"https:\/\/vivremieux-aulnay.fr\/wp-content\/uploads\/2018\/04\/Un_appel_au_dialogue_et_a_la_mediation.pdf\" target=\"_blank\" rel=\"attachment noopener wp-att-601\"><img loading=\"lazy\" decoding=\"async\" class=\"alignright size-medium wp-image-602 thumb-of-pdf\" src=\"https:\/\/vivremieux-aulnay.fr\/wp-content\/uploads\/2018\/04\/Un_appel_au_dialogue_et_a_la_mediation-pdf-212x300.jpg\" alt=\"thumbnail of Un_appel_au_dialogue_et_a_la_mediation\" width=\"212\" height=\"300\" srcset=\"https:\/\/vivremieux-aulnay.fr\/wp-content\/uploads\/2018\/04\/Un_appel_au_dialogue_et_a_la_mediation-pdf-212x300.jpg 212w, https:\/\/vivremieux-aulnay.fr\/wp-content\/uploads\/2018\/04\/Un_appel_au_dialogue_et_a_la_mediation-pdf.jpg 723w\" sizes=\"auto, (max-width: 212px) 100vw, 212px\" \/><\/a><\/p>\n<p>Nous sommes inquiets devant cette escalade dans la d\u00e9gradation des rapports entre les administr\u00e9s et la municipalit\u00e9\u00a0: blogs attaqu\u00e9s, \u00e9lu-e-s d\u2019opposition mis en examen, conseils municipaux perturb\u00e9s et \u00e0 huis-clos\u2026et aujourd\u2019hui la garde \u00e0 vue d\u2019un responsable associatif.<\/p>\n<p>Ce climat est malsain et marque le d\u00e9litement d\u2019un d\u00e9bat d\u00e9mocratique n\u00e9cessaire, indispensable m\u00eame s\u2019il pique, d\u00e9range, oblige \u00e0 argumenter de part et d\u2019autre.<br \/>\nUn ancien \u00e9lu conna\u00eet le travail des \u00e9lus et le d\u00e9vouement de nombre d\u2019entre eux, femmes et hommes au service de leur ville, d\u00e9partement, R\u00e9gion, Pays\u2026 Ils m\u00e9ritent le respect de leur personne, de leur travail de longue haleine mais aussi nos critiques vigilantes et citoyennes. Il doit exister des contre-pouvoirs dot\u00e9s de moyens de les exercer afin de permettre aux \u00e9lus d\u2019\u00eatre mieux en phase avec le v\u00e9cu des habitants.<\/p>\n<p>Nous comprenons la difficult\u00e9 de faire face \u00e0 la multiplicit\u00e9 des attentes et revendications citoyennes. Nous comprenons la difficult\u00e9 de composer avec des int\u00e9r\u00eats contradictoires, \u00e0 faire des choix dans le sens de l\u2019int\u00e9r\u00eat collectif\u2026<\/p>\n<p>Animateurs  d\u2019associations, nous ne pensons pas que la place d\u2019un animateur d\u2019une association soit en garde \u00e0 vue. C\u2019est la marque d\u2019un \u00e9chec collectif, auquel nous pouvons nous associer. Avons-nous  assez travaill\u00e9 pour approfondir les liens avec La R\u00e9volution est en marche, pour exprimer nos convergences et nos d\u00e9saccords\u00a0? Pour aider, critiquer, faire ensemble, faire entendre\u2026<\/p>\n<p>La parole d\u2019Hadama Traor\u00e9 n\u2019est pas en costume-cravate. Son vocabulaire d\u00e9range, il peut m\u00eame basculer dans l\u2019outrance, mais il faut entendre cette voix qui en porte bien d\u2019autres. Il r\u00e9clame des r\u00e9ponses avec insistance, il va vite, il se trompe parce qu\u2019il fait fi des usages et des r\u00e8gles, mais il fait aussi preuve d\u2019une grande volont\u00e9, d\u2019une belle \u00e9nergie au service des autres\u00a0: des locataires pour la qualit\u00e9 des logements, des personnes exclues. Il a commenc\u00e9 un travail pour un rapprochement entre jeunes et policiers.<\/p>\n<p>Un certain nombre de ses propos ont pu blesser, faire peur\u2026Nous ne les approuvons pas mais nous y avons  par contre entendu du d\u00e9couragement, du d\u00e9pit face \u00e0 une absence de r\u00e9ponse, consid\u00e9r\u00e9e comme du m\u00e9pris\u2026 Avec cette question lancinante\u00a0: que faire pour \u00eatre entendu\u00a0? Le refus du dialogue et de la conciliation n\u2019est pas de bonne politique face \u00e0 une personne qui porte la voix de bien des Aulnaysiens. Le marteau-pilon d\u2019une intervention polici\u00e8re digne de l\u2019arrestation d\u2019un terroriste n\u2019est pas une bonne r\u00e9ponse, c\u2019est une humiliation de plus.<\/p>\n<p>Nous pensons qu\u2019un dialogue exigeant et respectueux aurait pu, aurait d\u00fb \u00eatre instaur\u00e9 avec lui et son association, et plus largement avec une jeunesse qui veut prendre sa place dans la vie de notre ville.<\/p>\n<p>Pouvons-nous croire que cela n\u2019est pas trop tard\u00a0?<\/p>\n<p>Il faut d\u00e9velopper des lieux de dialogue et de m\u00e9diation au plus vite, nous sommes pr\u00eats \u00e0 y prendre notre place.<\/p>\n<p>Alain AM\u00c9DRO Vivre Mieux Ensemble<\/p>\n<p>R-A BOUGOURD Aulnay Environnement<\/p>\n","protected":false},"excerpt":{"rendered":"<p>Lettre commune d&rsquo;Aulnay Environnement et Vivre Mieux Ensemble \u00e0 Aulnay-sous-Bois Nous sommes inquiets devant cette escalade dans la d\u00e9gradation des rapports entre les administr\u00e9s et la municipalit\u00e9\u00a0: blogs attaqu\u00e9s, \u00e9lu-e-s d\u2019opposition mis en examen, conseils municipaux perturb\u00e9s et \u00e0 huis-clos\u2026et aujourd\u2019hui la garde \u00e0 vue d\u2019un responsable associatif. Ce climat est malsain et marque le &hellip; <a href=\"https:\/\/vivremieux-aulnay.fr\/?p=600\" class=\"more-link\">Continuer la lecture de <span class=\"screen-reader-text\">Un appel au dialogue et \u00e0 la m\u00e9diation<\/span> <span class=\"meta-nav\">&rarr;<\/span><\/a><\/p>\n","protected":false},"author":1,"featured_media":0,"comment_status":"open","ping_status":"open","sticky":false,"template":"","format":"standard","meta":{"footnotes":""},"categories":[16],"tags":[],"class_list":["post-600","post","type-post","status-publish","format-standard","hentry","category-communique"],"_links":{"self":[{"href":"https:\/\/vivremieux-aulnay.fr\/index.php?rest_route=\/wp\/v2\/posts\/600","targetHints":{"allow":["GET"]}}],"collection":[{"href":"https:\/\/vivremieux-aulnay.fr\/index.php?rest_route=\/wp\/v2\/posts"}],"about":[{"href":"https:\/\/vivremieux-aulnay.fr\/index.php?rest_route=\/wp\/v2\/types\/post"}],"author":[{"embeddable":true,"href":"https:\/\/vivremieux-aulnay.fr\/index.php?rest_route=\/wp\/v2\/users\/1"}],"replies":[{"embeddable":true,"href":"https:\/\/vivremieux-aulnay.fr\/index.php?rest_route=%2Fwp%2Fv2%2Fcomments&post=600"}],"version-history":[{"count":2,"href":"https:\/\/vivremieux-aulnay.fr\/index.php?rest_route=\/wp\/v2\/posts\/600\/revisions"}],"predecessor-version":[{"id":604,"href":"https:\/\/vivremieux-aulnay.fr\/index.php?rest_route=\/wp\/v2\/posts\/600\/revisions\/604"}],"wp:attachment":[{"href":"https:\/\/vivremieux-aulnay.fr\/index.php?rest_route=%2Fwp%2Fv2%2Fmedia&parent=600"}],"wp:term":[{"taxonomy":"category","embeddable":true,"href":"https:\/\/vivremieux-aulnay.fr\/index.php?rest_route=%2Fwp%2Fv2%2Fcategories&post=600"},{"taxonomy":"post_tag","embeddable":true,"href":"https:\/\/vivremieux-aulnay.fr\/index.php?rest_route=%2Fwp%2Fv2%2Ftags&post=600"}],"curies":[{"name":"wp","href":"https:\/\/api.w.org\/{rel}","templated":true}]}}