{"id":590,"date":"2018-03-23T13:47:03","date_gmt":"2018-03-23T12:47:03","guid":{"rendered":"http:\/\/vivremieux-aulnay.fr\/?p=590"},"modified":"2018-03-25T10:42:15","modified_gmt":"2018-03-25T09:42:15","slug":"programme-de-la-fete-du-24-mars-defendons-la-liberte-dexpression-a-aulnay","status":"publish","type":"post","link":"https:\/\/vivremieux-aulnay.fr\/?p=590","title":{"rendered":"Programme de la f\u00eate du 24 mars. D\u00e9fendons la libert\u00e9 d&rsquo;expression \u00e0 Aulnay!"},"content":{"rendered":"<p><a href=\"https:\/\/vivremieux-aulnay.fr\/wp-content\/uploads\/2018\/03\/24-1.jpg\"><img loading=\"lazy\" decoding=\"async\" class=\"aligncenter size-full wp-image-596\" src=\"https:\/\/vivremieux-aulnay.fr\/wp-content\/uploads\/2018\/03\/24-1.jpg\" alt=\"\" width=\"930\" height=\"398\" srcset=\"https:\/\/vivremieux-aulnay.fr\/wp-content\/uploads\/2018\/03\/24-1.jpg 930w, https:\/\/vivremieux-aulnay.fr\/wp-content\/uploads\/2018\/03\/24-1-300x128.jpg 300w, https:\/\/vivremieux-aulnay.fr\/wp-content\/uploads\/2018\/03\/24-1-768x329.jpg 768w\" sizes=\"auto, (max-width: 930px) 100vw, 930px\" \/><\/a><\/p>\n<p>La grande f\u00eate pour la libert\u00e9 d&rsquo;expression, c&rsquo;est demain <b>samedi 24 mars \u00e0 la <span style=\"font-size: small;\">salle Chanteloup<\/span> de 15h \u00e0 0h30<\/b> \u00e0 Aulnay-sous-Bois!<\/p>\n<p><a class=\"link-to-pdf\" title=\"24mars_small-min\" href=\"https:\/\/vivremieux-aulnay.fr\/wp-content\/uploads\/2018\/03\/24mars_small-min.pdf\" target=\"_blank\" rel=\"attachment noopener wp-att-587\"><img loading=\"lazy\" decoding=\"async\" class=\"alignright size-medium wp-image-588 thumb-of-pdf\" src=\"https:\/\/vivremieux-aulnay.fr\/wp-content\/uploads\/2018\/03\/24mars_small-min-pdf-212x300.jpg\" alt=\"thumbnail of 24mars_small-min\" width=\"212\" height=\"300\" srcset=\"https:\/\/vivremieux-aulnay.fr\/wp-content\/uploads\/2018\/03\/24mars_small-min-pdf-212x300.jpg 212w, https:\/\/vivremieux-aulnay.fr\/wp-content\/uploads\/2018\/03\/24mars_small-min-pdf.jpg 723w\" sizes=\"auto, (max-width: 212px) 100vw, 212px\" \/><\/a>Quel meilleur moyen que de faire la f\u00eate dans notre commune pour changer son image sur la libert\u00e9 d&rsquo;expression? &#8230; et ce n&rsquo;est pas rien dans une ville qui a censur\u00e9 une campagne de sensibilisation contre le VIH, en direction des couples homos, pour laquelle nous avons organis\u00e9 une soir\u00e9e et avons \u00e9t\u00e9 attaqu\u00e9 en justice, ainsi que d&rsquo;autres, par le maire d&rsquo;Aulnay.<\/p>\n<p>Retrouvez dessous le programme et surtout venez avec qui vous voulez!<\/p>\n<ul>\n<li><b>Toute la journ\u00e9e<\/b>:\n<ul>\n<li><u>Coin enfants<\/u> jeux , activit\u00e9s, babysitting 3 \u00e0 10 ans<\/li>\n<li>Livres et rencontres au stand de la <u>librairie Folies d&rsquo;encre<\/u><\/li>\n<li><u>Bar<\/u> des ami-e-s : d\u00e9gustations sucr\u00e9es, sal\u00e9es, boissons gazeuses, jus de fruits&#8230;<\/li>\n<li><u>Espace associatif<\/u> avec Sos Homophobie, Amnesty International France, Aides, la LDH, Aulnay Environnement<\/li>\n<\/ul>\n<\/li>\n<li><b>D\u00e8s 15h<\/b>: Expositions de <u>nombreux artistes<\/u> et artisants :\n<ul>\n<li>Le photographe Philippe Sohier<\/li>\n<li>La plasticienne Nausicaa Favart Amouroux<\/li>\n<li>Le photographe Marc Trigalou<\/li>\n<li>Les collage de Malika<\/li>\n<li>Les sculptures et gravures de Serge Tartare<\/li>\n<li>Les bijoux de Brijou et M\u00e9lanie<\/li>\n<\/ul>\n<\/li>\n<li><b>15h30<\/b>: Rencontre avec le dessinateur <a href=\"https:\/\/vivremieux-aulnay.fr\/?p=566\"><b>Remedium<\/b><\/a><\/li>\n<li><b>16h15<\/b> : Slam avec <a href=\"https:\/\/www.youtube.com\/watch?v=uR7nFgd76Ks\"><b>MC Boulette<\/b><\/a><\/li>\n<li><b>17h<\/b><b>00<\/b> : Rencontre avec<b> <a href=\"https:\/\/monaulnay.com\/2018\/03\/folies-dencre-vous-invite-a-rencontrer-lydie-salvayre-goncourt-2014-le-24-03.html\">Lydie Salvayre<\/a><\/b>, <b>prix Goncourt <\/b>2014<\/li>\n<li><b>18h15<\/b> : Lecture en musique avec l&rsquo;auteure <a href=\"http:\/\/www.anne-carriere.fr\/ouvrage_les-grandes-et-les-petites-choses-rachel-khan-285.html\"><b>Rachel Khan<\/b><\/a> et le musicien <a href=\"http:\/\/www.kukulive.com\/\"><b>Kuku<\/b><\/a><\/li>\n<li><b>19h30<\/b> : Chansons avec l&rsquo;artiste multi-facettes <a href=\"https:\/\/www.facebook.com\/events\/1866987446948070\/\"><b>L&rsquo;insaisissable<\/b><\/a><\/li>\n<li><b>20h00<\/b> : Concert du groupe <a href=\"https:\/\/www.peniche-marcounet.fr\/?event=dimanche-14-janvier-hommage-a-bowie\"><b>Bowie For Ever<\/b><\/a><\/li>\n<li><b>21h30<\/b> : Concert de <a href=\"https:\/\/padlet.com\/vmieuxensemble\/aulnayfete24marschanteloup\"><b>Rock on <\/b><b>Wood<\/b><\/a><\/li>\n<\/ul>\n<p><b>A demain!<\/b><\/p>\n","protected":false},"excerpt":{"rendered":"<p>La grande f\u00eate pour la libert\u00e9 d&rsquo;expression, c&rsquo;est demain samedi 24 mars \u00e0 la salle Chanteloup de 15h \u00e0 0h30 \u00e0 Aulnay-sous-Bois! Quel meilleur moyen que de faire la f\u00eate dans notre commune pour changer son image sur la libert\u00e9 d&rsquo;expression? &#8230; et ce n&rsquo;est pas rien dans une ville qui a censur\u00e9 une campagne &hellip; <a href=\"https:\/\/vivremieux-aulnay.fr\/?p=590\" class=\"more-link\">Continuer la lecture de <span class=\"screen-reader-text\">Programme de la f\u00eate du 24 mars. D\u00e9fendons la libert\u00e9 d&rsquo;expression \u00e0 Aulnay!<\/span> <span class=\"meta-nav\">&rarr;<\/span><\/a><\/p>\n","protected":false},"author":1,"featured_media":0,"comment_status":"open","ping_status":"open","sticky":false,"template":"","format":"standard","meta":{"footnotes":""},"categories":[18,3,8],"tags":[],"class_list":["post-590","post","type-post","status-publish","format-standard","hentry","category-discriminations","category-les-rencontres-aulnaysiennes-de-vme","category-manifestation"],"_links":{"self":[{"href":"https:\/\/vivremieux-aulnay.fr\/index.php?rest_route=\/wp\/v2\/posts\/590","targetHints":{"allow":["GET"]}}],"collection":[{"href":"https:\/\/vivremieux-aulnay.fr\/index.php?rest_route=\/wp\/v2\/posts"}],"about":[{"href":"https:\/\/vivremieux-aulnay.fr\/index.php?rest_route=\/wp\/v2\/types\/post"}],"author":[{"embeddable":true,"href":"https:\/\/vivremieux-aulnay.fr\/index.php?rest_route=\/wp\/v2\/users\/1"}],"replies":[{"embeddable":true,"href":"https:\/\/vivremieux-aulnay.fr\/index.php?rest_route=%2Fwp%2Fv2%2Fcomments&post=590"}],"version-history":[{"count":4,"href":"https:\/\/vivremieux-aulnay.fr\/index.php?rest_route=\/wp\/v2\/posts\/590\/revisions"}],"predecessor-version":[{"id":598,"href":"https:\/\/vivremieux-aulnay.fr\/index.php?rest_route=\/wp\/v2\/posts\/590\/revisions\/598"}],"wp:attachment":[{"href":"https:\/\/vivremieux-aulnay.fr\/index.php?rest_route=%2Fwp%2Fv2%2Fmedia&parent=590"}],"wp:term":[{"taxonomy":"category","embeddable":true,"href":"https:\/\/vivremieux-aulnay.fr\/index.php?rest_route=%2Fwp%2Fv2%2Fcategories&post=590"},{"taxonomy":"post_tag","embeddable":true,"href":"https:\/\/vivremieux-aulnay.fr\/index.php?rest_route=%2Fwp%2Fv2%2Ftags&post=590"}],"curies":[{"name":"wp","href":"https:\/\/api.w.org\/{rel}","templated":true}]}}