{"id":583,"date":"2018-03-13T14:30:25","date_gmt":"2018-03-13T13:30:25","guid":{"rendered":"http:\/\/vivremieux-aulnay.fr\/?p=583"},"modified":"2018-03-13T14:30:25","modified_gmt":"2018-03-13T13:30:25","slug":"24-mars-journee-festive-pour-defendre-la-liberte-dexpression","status":"publish","type":"post","link":"https:\/\/vivremieux-aulnay.fr\/?p=583","title":{"rendered":"24 mars: Journ\u00e9e festive pour d\u00e9fendre la libert\u00e9 d&rsquo;expression"},"content":{"rendered":"<p><a class=\"link-to-pdf\" title=\"24mars_small-min\" href=\"https:\/\/vivremieux-aulnay.fr\/wp-content\/uploads\/2018\/03\/24mars_small-min.pdf\" target=\"_blank\" rel=\"attachment noopener wp-att-587\"><img loading=\"lazy\" decoding=\"async\" class=\"alignright size-medium wp-image-588 thumb-of-pdf\" src=\"https:\/\/vivremieux-aulnay.fr\/wp-content\/uploads\/2018\/03\/24mars_small-min-pdf-212x300.jpg\" alt=\"thumbnail of 24mars_small-min\" width=\"212\" height=\"300\" srcset=\"https:\/\/vivremieux-aulnay.fr\/wp-content\/uploads\/2018\/03\/24mars_small-min-pdf-212x300.jpg 212w, https:\/\/vivremieux-aulnay.fr\/wp-content\/uploads\/2018\/03\/24mars_small-min-pdf.jpg 723w\" sizes=\"auto, (max-width: 212px) 100vw, 212px\" \/><\/a>Le 24 mars est jour de f\u00eate ! lisez plut\u00f4t ce qui suit !<\/p>\n<p><strong>Nous organisons le samedi 24 mars dans la grande salle de Chanteloup, une journ\u00e9e festive autour de la libert\u00e9 d&rsquo;expression<\/strong> intitul\u00e9e : libert\u00e9, j\u2019\u00e9cris ton nom&#8230;je slame, je rocke, je chante&#8230;<\/p>\n<p>\u2026et cela n&rsquo;est pas rien dans notre ville qui a censur\u00e9 une campagne de sensibilisation contre le VIH, en direction des couples homos, pour laquelle nous avons organis\u00e9 une soir\u00e9e et avons \u00e9t\u00e9 attaqu\u00e9 en justice, ainsi que d&rsquo;autres, par le maire d&rsquo;Aulnay.<\/p>\n<p>Le programme sera tr\u00e8s riche avec l\u2019accueil :<\/p>\n<ul>\n<li>de <strong>Lydie Salvayre, prix Goncourt 2014<\/strong>, pour pr\u00e9senter et \u00e9changer autour de son dernier livre : Tout homme est une nuit, paru chez Seuil en partenariat avec la librairie Folies d&rsquo;Encre, qui animera la discussion avec l&rsquo;auteur.<\/li>\n<li>de Remedium, auteur de BD et de fanzine ironique sur une ville voisine&#8230;<\/li>\n<li>de deux groupes de Rock, des slameurs, une chorale\u2026<\/li>\n<li>des associations : Aids, SOS Homophobie, Amnesty Internationale, la LDH&#8230;<\/li>\n<li>et des surprises en guitare et en mots<\/li>\n<\/ul>\n<p>D\u00e9couvrez, appr\u00e9ciez et partagez le programme \u00e0 cette adresse : <a href=\"https:\/\/padlet.com\/vmieuxensemble\/aulnayfete24marschanteloup\">https:\/\/padlet.com\/vmieuxensemble\/aulnayfete24marschanteloup<\/a><\/p>\n","protected":false},"excerpt":{"rendered":"<p>Le 24 mars est jour de f\u00eate ! lisez plut\u00f4t ce qui suit ! Nous organisons le samedi 24 mars dans la grande salle de Chanteloup, une journ\u00e9e festive autour de la libert\u00e9 d&rsquo;expression intitul\u00e9e : libert\u00e9, j\u2019\u00e9cris ton nom&#8230;je slame, je rocke, je chante&#8230; \u2026et cela n&rsquo;est pas rien dans notre ville qui a &hellip; <a href=\"https:\/\/vivremieux-aulnay.fr\/?p=583\" class=\"more-link\">Continuer la lecture de <span class=\"screen-reader-text\">24 mars: Journ\u00e9e festive pour d\u00e9fendre la libert\u00e9 d&rsquo;expression<\/span> <span class=\"meta-nav\">&rarr;<\/span><\/a><\/p>\n","protected":false},"author":1,"featured_media":0,"comment_status":"open","ping_status":"open","sticky":false,"template":"","format":"standard","meta":{"footnotes":""},"categories":[18,3],"tags":[],"class_list":["post-583","post","type-post","status-publish","format-standard","hentry","category-discriminations","category-les-rencontres-aulnaysiennes-de-vme"],"_links":{"self":[{"href":"https:\/\/vivremieux-aulnay.fr\/index.php?rest_route=\/wp\/v2\/posts\/583","targetHints":{"allow":["GET"]}}],"collection":[{"href":"https:\/\/vivremieux-aulnay.fr\/index.php?rest_route=\/wp\/v2\/posts"}],"about":[{"href":"https:\/\/vivremieux-aulnay.fr\/index.php?rest_route=\/wp\/v2\/types\/post"}],"author":[{"embeddable":true,"href":"https:\/\/vivremieux-aulnay.fr\/index.php?rest_route=\/wp\/v2\/users\/1"}],"replies":[{"embeddable":true,"href":"https:\/\/vivremieux-aulnay.fr\/index.php?rest_route=%2Fwp%2Fv2%2Fcomments&post=583"}],"version-history":[{"count":4,"href":"https:\/\/vivremieux-aulnay.fr\/index.php?rest_route=\/wp\/v2\/posts\/583\/revisions"}],"predecessor-version":[{"id":589,"href":"https:\/\/vivremieux-aulnay.fr\/index.php?rest_route=\/wp\/v2\/posts\/583\/revisions\/589"}],"wp:attachment":[{"href":"https:\/\/vivremieux-aulnay.fr\/index.php?rest_route=%2Fwp%2Fv2%2Fmedia&parent=583"}],"wp:term":[{"taxonomy":"category","embeddable":true,"href":"https:\/\/vivremieux-aulnay.fr\/index.php?rest_route=%2Fwp%2Fv2%2Fcategories&post=583"},{"taxonomy":"post_tag","embeddable":true,"href":"https:\/\/vivremieux-aulnay.fr\/index.php?rest_route=%2Fwp%2Fv2%2Ftags&post=583"}],"curies":[{"name":"wp","href":"https:\/\/api.w.org\/{rel}","templated":true}]}}