{"id":579,"date":"2018-03-13T14:05:48","date_gmt":"2018-03-13T13:05:48","guid":{"rendered":"http:\/\/vivremieux-aulnay.fr\/?p=579"},"modified":"2018-03-13T14:05:48","modified_gmt":"2018-03-13T13:05:48","slug":"jean-pierre-blazy-pris-en-flagrant-delit-de-tromperie","status":"publish","type":"post","link":"https:\/\/vivremieux-aulnay.fr\/?p=579","title":{"rendered":"Jean-Pierre Blazy pris en flagrant d\u00e9lit de tromperie"},"content":{"rendered":"<p><a class=\"link-to-pdf\" title=\"20180310-CP-MensongeEuropaCity4\" href=\"https:\/\/vivremieux-aulnay.fr\/wp-content\/uploads\/2018\/03\/20180310-CP-MensongeEuropaCity4.pdf\" target=\"_blank\" rel=\"attachment noopener wp-att-580\"><img loading=\"lazy\" decoding=\"async\" class=\"alignright size-medium wp-image-581 thumb-of-pdf\" src=\"https:\/\/vivremieux-aulnay.fr\/wp-content\/uploads\/2018\/03\/20180310-CP-MensongeEuropaCity4-pdf-212x300.jpg\" alt=\"thumbnail of 20180310-CP-MensongeEuropaCity4\" width=\"212\" height=\"300\" srcset=\"https:\/\/vivremieux-aulnay.fr\/wp-content\/uploads\/2018\/03\/20180310-CP-MensongeEuropaCity4-pdf-212x300.jpg 212w, https:\/\/vivremieux-aulnay.fr\/wp-content\/uploads\/2018\/03\/20180310-CP-MensongeEuropaCity4-pdf.jpg 723w\" sizes=\"auto, (max-width: 212px) 100vw, 212px\" \/><\/a>Le maire de Gonesse a publi\u00e9 <a href=\"http:\/\/www.ville-gonesse.fr\/news\/communiqu%C3%A9-de-jean-pierre-blazy-notre-d%C3%A9termination-reste-intacte-pour-le-triangle-de-gonesse\">un communiqu\u00e9<\/a> particuli\u00e8rement trompeur et malhonn\u00eate suite \u00e0 l\u2019annulation de l\u2019arr\u00eat\u00e9 cr\u00e9ant la ZAC dite du \u00ab\u00a0Triangle de Gonesse\u00a0\u00bb. Face \u00e0 ce revers juridique important, il voudrait laisser croire que le Tribunal Administratif a \u00e9cart\u00e9 nos associations sur des questions de fond\u00a0:<\/p>\n<p style=\"padding-left: 30px;\"><small>\u00ab\u00a0Dans la m\u00eame d\u00e9cision, le tribunal s\u2019est prononc\u00e9 sur le fond en jugeant irrecevables les requ\u00eates des associations \u00ab Vivre Mieux ensemble \u00e0 Aulnay-Sous-Bois \u00bb (sic) et \u00ab Les amis de la conf\u00e9d\u00e9ration paysanne \u00bb qui estiment \u00e0 tort que le projet est incompatible avec le Sch\u00e9ma directeur de la R\u00e9gion Ile-de-France (SDRIF) et avec le plan r\u00e9gional de l\u2019agriculture durable de la R\u00e9gion \u00cele-de-France.\u00a0\u00bb<\/small><\/p>\n<p><strong>M. Blazy est pris en flagrant d\u00e9lit de publier l\u2019exact contraire de la v\u00e9rit\u00e9\u00a0!<\/strong><br \/>\nEn effet, <a href=\"http:\/\/cergy-pontoise.tribunal-administratif.fr\/A-savoir\/Communiques\/Annulation-de-l-arrete-creant-la-ZAC-dite-du-Triangle-de-Gonesse\">chacun peut lire<\/a> que les juges nous ont \u00e9cart\u00e9s uniquement pour des raisons de forme (suite \u00e0 une phrase manquante dans nos statuts). Mais ceci est anecdotique car d\u2019autres associations amies ont pris notre relais et gagn\u00e9 notre recours avec des arguments communs. Plus encore, le Tribunal a jug\u00e9 que ce projet ne pr\u00e9cisait pas assez l\u2019impact environnemental et que cela avait pour effet de \u00ab<strong><em>\u00a0nuire \u00e0 l\u2019information compl\u00e8te de la population<\/em><\/strong>\u00a0\u00bb ou d\u2019\u00ab\u00a0<em><strong>exercer une influence sur la d\u00e9cision de l\u2019autorit\u00e9 administrative<\/strong><\/em>\u00a0\u00bb. Contrairement \u00e0 ce que laisse croire M. Blazy,<strong> le Tribunal n\u2019a nullement r\u00e9fut\u00e9 l\u2019incompatibilit\u00e9 de la ZAC avec les plans et sch\u00e9mas r\u00e9gionaux que nous soulevons.<\/strong><\/p>\n<p>La tromperie de M. Blazy est-elle une man\u0153uvre de plus pour cacher l\u2019aberration environnementale de ce projet, telle que la pointe cette sanction du Tribunal\u00a0? <strong>S\u2019il devait un jour y avoir appel de ce jugement d\u00e9favorable pour M. Blazy, les juges appr\u00e9cieront d\u2019avoir eu leur parole ainsi d\u00e9form\u00e9e par le principal protagoniste de la ZAC.<\/strong><\/p>\n<p>\u00c0 l\u2019heure o\u00f9 certains pointent, parfois avec raison, les \u00ab\u00a0fakes news\u00a0\u00bb des r\u00e9seaux sociaux, <strong>voici un \u00e9lu de la R\u00e9publique pris en flagrant d\u00e9lit de tenter de fabriquer une fausse information<\/strong>. Pourquoi Jean-Pierre Blazy est-il contraint de faire cette fuite en avant fallacieuse\u00a0? Quelles servitudes obligent un homme politique \u00e0 devoir produire une telle manipulation pour d\u00e9fendre une pareille op\u00e9ration financi\u00e8re g\u00e9ante\u00a0?<\/p>\n<p>Quelle que soit la raison profonde de cette tromperie scandaleuse,<strong> VME se r\u00e9jouit de constater que le principal d\u00e9fenseur du b\u00e9tonnage de la ZAC n\u2019a plus d\u2019arguments et rappelle avec force l\u2019incompatibilit\u00e9 du projet avec le SDRIF.<\/strong><br \/>\nIl est temps de consid\u00e9rer avec s\u00e9rieux les alternatives durables et utiles comme le projet CARMA, afin de d\u00e9fendre l\u2019avenir des habitants du territoire\u00a0?<\/p>\n","protected":false},"excerpt":{"rendered":"<p>Le maire de Gonesse a publi\u00e9 un communiqu\u00e9 particuli\u00e8rement trompeur et malhonn\u00eate suite \u00e0 l\u2019annulation de l\u2019arr\u00eat\u00e9 cr\u00e9ant la ZAC dite du \u00ab\u00a0Triangle de Gonesse\u00a0\u00bb. Face \u00e0 ce revers juridique important, il voudrait laisser croire que le Tribunal Administratif a \u00e9cart\u00e9 nos associations sur des questions de fond\u00a0: \u00ab\u00a0Dans la m\u00eame d\u00e9cision, le tribunal s\u2019est &hellip; <a href=\"https:\/\/vivremieux-aulnay.fr\/?p=579\" class=\"more-link\">Continuer la lecture de <span class=\"screen-reader-text\">Jean-Pierre Blazy pris en flagrant d\u00e9lit de tromperie<\/span> <span class=\"meta-nav\">&rarr;<\/span><\/a><\/p>\n","protected":false},"author":1,"featured_media":0,"comment_status":"open","ping_status":"open","sticky":false,"template":"","format":"standard","meta":{"footnotes":""},"categories":[16],"tags":[],"class_list":["post-579","post","type-post","status-publish","format-standard","hentry","category-communique"],"_links":{"self":[{"href":"https:\/\/vivremieux-aulnay.fr\/index.php?rest_route=\/wp\/v2\/posts\/579","targetHints":{"allow":["GET"]}}],"collection":[{"href":"https:\/\/vivremieux-aulnay.fr\/index.php?rest_route=\/wp\/v2\/posts"}],"about":[{"href":"https:\/\/vivremieux-aulnay.fr\/index.php?rest_route=\/wp\/v2\/types\/post"}],"author":[{"embeddable":true,"href":"https:\/\/vivremieux-aulnay.fr\/index.php?rest_route=\/wp\/v2\/users\/1"}],"replies":[{"embeddable":true,"href":"https:\/\/vivremieux-aulnay.fr\/index.php?rest_route=%2Fwp%2Fv2%2Fcomments&post=579"}],"version-history":[{"count":1,"href":"https:\/\/vivremieux-aulnay.fr\/index.php?rest_route=\/wp\/v2\/posts\/579\/revisions"}],"predecessor-version":[{"id":582,"href":"https:\/\/vivremieux-aulnay.fr\/index.php?rest_route=\/wp\/v2\/posts\/579\/revisions\/582"}],"wp:attachment":[{"href":"https:\/\/vivremieux-aulnay.fr\/index.php?rest_route=%2Fwp%2Fv2%2Fmedia&parent=579"}],"wp:term":[{"taxonomy":"category","embeddable":true,"href":"https:\/\/vivremieux-aulnay.fr\/index.php?rest_route=%2Fwp%2Fv2%2Fcategories&post=579"},{"taxonomy":"post_tag","embeddable":true,"href":"https:\/\/vivremieux-aulnay.fr\/index.php?rest_route=%2Fwp%2Fv2%2Ftags&post=579"}],"curies":[{"name":"wp","href":"https:\/\/api.w.org\/{rel}","templated":true}]}}