{"id":572,"date":"2018-02-06T22:14:54","date_gmt":"2018-02-06T21:14:54","guid":{"rendered":"http:\/\/vivremieux-aulnay.fr\/?p=572"},"modified":"2018-02-06T22:14:54","modified_gmt":"2018-02-06T21:14:54","slug":"invitation-le-15-fevrier-atelier-de-transition-energetique","status":"publish","type":"post","link":"https:\/\/vivremieux-aulnay.fr\/?p=572","title":{"rendered":"Invitation le 15 f\u00e9vrier: Atelier de transition \u00e9nerg\u00e9tique"},"content":{"rendered":"<h2><a class=\"link-to-pdf\" title=\"rencontre_15_fevrier_2018\" href=\"https:\/\/vivremieux-aulnay.fr\/wp-content\/uploads\/2018\/02\/rencontre_15_fevrier_2018.pdf\" target=\"_blank\" rel=\"attachment noopener wp-att-575\"><img loading=\"lazy\" decoding=\"async\" class=\"alignright size-medium wp-image-576 thumb-of-pdf\" src=\"https:\/\/vivremieux-aulnay.fr\/wp-content\/uploads\/2018\/02\/rencontre_15_fevrier_2018-pdf-232x300.jpg\" alt=\"thumbnail of rencontre_15_fevrier_2018\" width=\"232\" height=\"300\" srcset=\"https:\/\/vivremieux-aulnay.fr\/wp-content\/uploads\/2018\/02\/rencontre_15_fevrier_2018-pdf-232x300.jpg 232w, https:\/\/vivremieux-aulnay.fr\/wp-content\/uploads\/2018\/02\/rencontre_15_fevrier_2018-pdf-768x994.jpg 768w, https:\/\/vivremieux-aulnay.fr\/wp-content\/uploads\/2018\/02\/rencontre_15_fevrier_2018-pdf.jpg 791w\" sizes=\"auto, (max-width: 232px) 100vw, 232px\" \/><\/a>Transition \u00e9nerg\u00e9tique\u00a0: que faire au quotidien\u00a0?<\/h2>\n<p><strong>Atelier pour agir sans attendre l\u2019\u00c9tat et encore moins EDF<\/strong><\/p>\n<p>L\u2019\u00e9nergie est un pilier de la transition \u00e9cologique pour pouvoir assurer l\u2019avenir de nos enfants. Mais les changements sont tr\u00e8s lents \u00e0 venir \u00ab\u00a0par le haut\u00a0\u00bb quand ils ne sont pas carr\u00e9ment frein\u00e9s par des entreprises comme EDF, pi\u00e9g\u00e9e dans le tout nucl\u00e9aire.<br \/>\nNous regarderons alors comment chacun peut se prendre en main pour commencer la transition \u00e9nerg\u00e9tique sans attendre. Via des actions et astuces simples, jusqu\u2019\u00e0 des projets ambitieux, devenons ensemble d\u00e8s aujourd\u2019hui les acteurs de ce changement\u00a0!<br \/>\nL\u2019atelier-d\u00e9bat sera pr\u00e9c\u00e9d\u00e9 d\u2019un buffet participatif. Nous vous y attendons nombreux\u00a0:<br \/>\n<strong>Jeudi 15 f\u00e9vrier 2018 \u00e0 19h45<\/strong> salle Dumont en pr\u00e9sence de <strong>Michel Vial<\/strong>, pr\u00e9sident d\u2019\u00c9lectrons solaires 93, coop\u00e9rative d\u2019\u00e9nergie renouvelable citoyenne.<br \/>\nSoir\u00e9e anim\u00e9e par Herv\u00e9 Suaudeau, membre de VME, soci\u00e9taire d\u2019Enercoop depuis 8 ans<\/p>\n","protected":false},"excerpt":{"rendered":"<p>Transition \u00e9nerg\u00e9tique\u00a0: que faire au quotidien\u00a0? Atelier pour agir sans attendre l\u2019\u00c9tat et encore moins EDF L\u2019\u00e9nergie est un pilier de la transition \u00e9cologique pour pouvoir assurer l\u2019avenir de nos enfants. Mais les changements sont tr\u00e8s lents \u00e0 venir \u00ab\u00a0par le haut\u00a0\u00bb quand ils ne sont pas carr\u00e9ment frein\u00e9s par des entreprises comme EDF, pi\u00e9g\u00e9e &hellip; <a href=\"https:\/\/vivremieux-aulnay.fr\/?p=572\" class=\"more-link\">Continuer la lecture de <span class=\"screen-reader-text\">Invitation le 15 f\u00e9vrier: Atelier de transition \u00e9nerg\u00e9tique<\/span> <span class=\"meta-nav\">&rarr;<\/span><\/a><\/p>\n","protected":false},"author":1,"featured_media":0,"comment_status":"open","ping_status":"open","sticky":false,"template":"","format":"standard","meta":{"footnotes":""},"categories":[3],"tags":[],"class_list":["post-572","post","type-post","status-publish","format-standard","hentry","category-les-rencontres-aulnaysiennes-de-vme"],"_links":{"self":[{"href":"https:\/\/vivremieux-aulnay.fr\/index.php?rest_route=\/wp\/v2\/posts\/572","targetHints":{"allow":["GET"]}}],"collection":[{"href":"https:\/\/vivremieux-aulnay.fr\/index.php?rest_route=\/wp\/v2\/posts"}],"about":[{"href":"https:\/\/vivremieux-aulnay.fr\/index.php?rest_route=\/wp\/v2\/types\/post"}],"author":[{"embeddable":true,"href":"https:\/\/vivremieux-aulnay.fr\/index.php?rest_route=\/wp\/v2\/users\/1"}],"replies":[{"embeddable":true,"href":"https:\/\/vivremieux-aulnay.fr\/index.php?rest_route=%2Fwp%2Fv2%2Fcomments&post=572"}],"version-history":[{"count":3,"href":"https:\/\/vivremieux-aulnay.fr\/index.php?rest_route=\/wp\/v2\/posts\/572\/revisions"}],"predecessor-version":[{"id":577,"href":"https:\/\/vivremieux-aulnay.fr\/index.php?rest_route=\/wp\/v2\/posts\/572\/revisions\/577"}],"wp:attachment":[{"href":"https:\/\/vivremieux-aulnay.fr\/index.php?rest_route=%2Fwp%2Fv2%2Fmedia&parent=572"}],"wp:term":[{"taxonomy":"category","embeddable":true,"href":"https:\/\/vivremieux-aulnay.fr\/index.php?rest_route=%2Fwp%2Fv2%2Fcategories&post=572"},{"taxonomy":"post_tag","embeddable":true,"href":"https:\/\/vivremieux-aulnay.fr\/index.php?rest_route=%2Fwp%2Fv2%2Ftags&post=572"}],"curies":[{"name":"wp","href":"https:\/\/api.w.org\/{rel}","templated":true}]}}