{"id":558,"date":"2017-12-06T14:38:21","date_gmt":"2017-12-06T13:38:21","guid":{"rendered":"http:\/\/vivremieux-aulnay.fr\/?p=558"},"modified":"2017-12-06T14:41:04","modified_gmt":"2017-12-06T13:41:04","slug":"invitation-la-14-decembre-la-poetique-de-la-ville-qualite-de-vie-qualite-de-ville","status":"publish","type":"post","link":"https:\/\/vivremieux-aulnay.fr\/?p=558","title":{"rendered":"Invitation le 14 d\u00e9cembre: \u00ab\u00a0La po\u00e9tique de la ville\u00a0\u00bb Qualit\u00e9 de vie, qualit\u00e9 de ville"},"content":{"rendered":"<p><a class=\"link-to-pdf\" title=\"rencontre du 14 dec 2017.compressed\" href=\"https:\/\/vivremieux-aulnay.fr\/wp-content\/uploads\/2017\/12\/rencontre-du-14-dec-2017.compressed.pdf\" target=\"_blank\" rel=\"attachment noopener wp-att-561\"><img loading=\"lazy\" decoding=\"async\" class=\"alignright size-medium wp-image-562 thumb-of-pdf\" src=\"https:\/\/vivremieux-aulnay.fr\/wp-content\/uploads\/2017\/12\/rencontre-du-14-dec-2017.compressed-pdf-232x300.jpg\" alt=\"thumbnail of rencontre du 14 dec 2017.compressed\" width=\"232\" height=\"300\" srcset=\"https:\/\/vivremieux-aulnay.fr\/wp-content\/uploads\/2017\/12\/rencontre-du-14-dec-2017.compressed-pdf-232x300.jpg 232w, https:\/\/vivremieux-aulnay.fr\/wp-content\/uploads\/2017\/12\/rencontre-du-14-dec-2017.compressed-pdf-768x994.jpg 768w, https:\/\/vivremieux-aulnay.fr\/wp-content\/uploads\/2017\/12\/rencontre-du-14-dec-2017.compressed-pdf.jpg 791w\" sizes=\"auto, (max-width: 232px) 100vw, 232px\" \/><\/a>\u00c0 travers textes, chansons, photographies, nous vous proposerons un parcours urbain de la ville, de notre ville, de villes r\u00eav\u00e9es, des villes avec leurs caract\u00e8res remarquables, inqui\u00e9tants, po\u00e9tiques, politiques, humains, masculins ou f\u00e9minins, en transitions, en adaptations aux changements climatiques, faisant avec ou contre leurs habitants\u2026<\/p>\n<ul>\n<li>Comment r\u00eavez-vous votre ville\u00a0? Comment l\u2019aimons-nous\u00a0?<\/li>\n<li>Quelle ville en 2040\u00a0? pour qui\u00a0? comment\u00a0?<\/li>\n<li>Et vous que faites-vous en ville\u00a0?<\/li>\n<\/ul>\n<p>Comment vivez-vous les transformations de notre ville, de la place Cam\u00e9linat au Galion, du canal au Vieux Pays\u2026De Balagny au Gros Saule\u2026<br \/>\nN\u2019h\u00e9sitez pas \u00e0 venir avec une photo, un po\u00e8me, une chanson qui parle de la ville, nous partagerons ensemble cette r\u00e9colte po\u00e9tique.<\/p>\n<p style=\"text-align: center;\"><strong>Jeudi 14 d\u00e9cembre 2017 \u00e0 19h30<\/strong> salle Dumont, avec ap\u00e9ro coop\u00e9ratif.<\/p>\n","protected":false},"excerpt":{"rendered":"<p>\u00c0 travers textes, chansons, photographies, nous vous proposerons un parcours urbain de la ville, de notre ville, de villes r\u00eav\u00e9es, des villes avec leurs caract\u00e8res remarquables, inqui\u00e9tants, po\u00e9tiques, politiques, humains, masculins ou f\u00e9minins, en transitions, en adaptations aux changements climatiques, faisant avec ou contre leurs habitants\u2026 Comment r\u00eavez-vous votre ville\u00a0? Comment l\u2019aimons-nous\u00a0? Quelle ville en &hellip; <a href=\"https:\/\/vivremieux-aulnay.fr\/?p=558\" class=\"more-link\">Continuer la lecture de <span class=\"screen-reader-text\">Invitation le 14 d\u00e9cembre: \u00ab\u00a0La po\u00e9tique de la ville\u00a0\u00bb Qualit\u00e9 de vie, qualit\u00e9 de ville<\/span> <span class=\"meta-nav\">&rarr;<\/span><\/a><\/p>\n","protected":false},"author":1,"featured_media":0,"comment_status":"open","ping_status":"open","sticky":false,"template":"","format":"standard","meta":{"footnotes":""},"categories":[3],"tags":[],"class_list":["post-558","post","type-post","status-publish","format-standard","hentry","category-les-rencontres-aulnaysiennes-de-vme"],"_links":{"self":[{"href":"https:\/\/vivremieux-aulnay.fr\/index.php?rest_route=\/wp\/v2\/posts\/558","targetHints":{"allow":["GET"]}}],"collection":[{"href":"https:\/\/vivremieux-aulnay.fr\/index.php?rest_route=\/wp\/v2\/posts"}],"about":[{"href":"https:\/\/vivremieux-aulnay.fr\/index.php?rest_route=\/wp\/v2\/types\/post"}],"author":[{"embeddable":true,"href":"https:\/\/vivremieux-aulnay.fr\/index.php?rest_route=\/wp\/v2\/users\/1"}],"replies":[{"embeddable":true,"href":"https:\/\/vivremieux-aulnay.fr\/index.php?rest_route=%2Fwp%2Fv2%2Fcomments&post=558"}],"version-history":[{"count":4,"href":"https:\/\/vivremieux-aulnay.fr\/index.php?rest_route=\/wp\/v2\/posts\/558\/revisions"}],"predecessor-version":[{"id":564,"href":"https:\/\/vivremieux-aulnay.fr\/index.php?rest_route=\/wp\/v2\/posts\/558\/revisions\/564"}],"wp:attachment":[{"href":"https:\/\/vivremieux-aulnay.fr\/index.php?rest_route=%2Fwp%2Fv2%2Fmedia&parent=558"}],"wp:term":[{"taxonomy":"category","embeddable":true,"href":"https:\/\/vivremieux-aulnay.fr\/index.php?rest_route=%2Fwp%2Fv2%2Fcategories&post=558"},{"taxonomy":"post_tag","embeddable":true,"href":"https:\/\/vivremieux-aulnay.fr\/index.php?rest_route=%2Fwp%2Fv2%2Ftags&post=558"}],"curies":[{"name":"wp","href":"https:\/\/api.w.org\/{rel}","templated":true}]}}