{"id":553,"date":"2017-12-04T18:41:54","date_gmt":"2017-12-04T17:41:54","guid":{"rendered":"http:\/\/vivremieux-aulnay.fr\/?p=553"},"modified":"2017-12-04T18:41:54","modified_gmt":"2017-12-04T17:41:54","slug":"les-aulnaysiens-decouvrent-que-la-municipalite-ferme-le-centre-de-danse-du-galion","status":"publish","type":"post","link":"https:\/\/vivremieux-aulnay.fr\/?p=553","title":{"rendered":"Les Aulnaysiens d\u00e9couvrent que la municipalit\u00e9 ferme le centre de danse du Galion!"},"content":{"rendered":"<p><a class=\"link-to-pdf\" title=\"plaquetteMonoA5v3d\" href=\"https:\/\/vivremieux-aulnay.fr\/wp-content\/uploads\/2017\/12\/plaquetteMonoA5v3d.pdf\" target=\"_blank\" rel=\"attachment noopener wp-att-555\"><img loading=\"lazy\" decoding=\"async\" class=\"alignright size-medium wp-image-556 thumb-of-pdf\" src=\"https:\/\/vivremieux-aulnay.fr\/wp-content\/uploads\/2017\/12\/plaquetteMonoA5v3d-pdf-212x300.jpg\" alt=\"thumbnail of plaquetteMonoA5v3d\" width=\"212\" height=\"300\" srcset=\"https:\/\/vivremieux-aulnay.fr\/wp-content\/uploads\/2017\/12\/plaquetteMonoA5v3d-pdf-212x300.jpg 212w, https:\/\/vivremieux-aulnay.fr\/wp-content\/uploads\/2017\/12\/plaquetteMonoA5v3d-pdf.jpg 723w\" sizes=\"auto, (max-width: 212px) 100vw, 212px\" \/><\/a>L\u2019association VME \u00e9tait pr\u00e9sente devant chaque repr\u00e9sentation du festival H2O avec un tract d\u00e9non\u00e7ant la fermeture du centre de danse du Galion. Nombre d&rsquo;Aulnaysiens d\u00e9couvraient la situation et r\u00e9alisaient que selon toutes probabilit\u00e9, qu&rsquo;il n&rsquo;y aurait plus d&rsquo;autres \u00e9dition du festival. Dans le plus grand silence, le centre de danse, est mis \u00e0 mort par la municipalit\u00e9. Apr\u00e8s avoir tent\u00e9 de d\u00e9manteler totalement le CAP, une autre \u0153uvre de Jean-Claude Abrioux, cr\u00e9\u00e9 il y a 21 ans, allait \u00eatre d\u00e9mantel\u00e9e d\u00e8s le 22 d\u00e9cembre 2017.<\/p>\n<p>&nbsp;<\/p>\n","protected":false},"excerpt":{"rendered":"<p>L\u2019association VME \u00e9tait pr\u00e9sente devant chaque repr\u00e9sentation du festival H2O avec un tract d\u00e9non\u00e7ant la fermeture du centre de danse du Galion. Nombre d&rsquo;Aulnaysiens d\u00e9couvraient la situation et r\u00e9alisaient que selon toutes probabilit\u00e9, qu&rsquo;il n&rsquo;y aurait plus d&rsquo;autres \u00e9dition du festival. Dans le plus grand silence, le centre de danse, est mis \u00e0 mort par &hellip; <a href=\"https:\/\/vivremieux-aulnay.fr\/?p=553\" class=\"more-link\">Continuer la lecture de <span class=\"screen-reader-text\">Les Aulnaysiens d\u00e9couvrent que la municipalit\u00e9 ferme le centre de danse du Galion!<\/span> <span class=\"meta-nav\">&rarr;<\/span><\/a><\/p>\n","protected":false},"author":1,"featured_media":0,"comment_status":"open","ping_status":"open","sticky":false,"template":"","format":"standard","meta":{"footnotes":""},"categories":[8],"tags":[],"class_list":["post-553","post","type-post","status-publish","format-standard","hentry","category-manifestation"],"_links":{"self":[{"href":"https:\/\/vivremieux-aulnay.fr\/index.php?rest_route=\/wp\/v2\/posts\/553","targetHints":{"allow":["GET"]}}],"collection":[{"href":"https:\/\/vivremieux-aulnay.fr\/index.php?rest_route=\/wp\/v2\/posts"}],"about":[{"href":"https:\/\/vivremieux-aulnay.fr\/index.php?rest_route=\/wp\/v2\/types\/post"}],"author":[{"embeddable":true,"href":"https:\/\/vivremieux-aulnay.fr\/index.php?rest_route=\/wp\/v2\/users\/1"}],"replies":[{"embeddable":true,"href":"https:\/\/vivremieux-aulnay.fr\/index.php?rest_route=%2Fwp%2Fv2%2Fcomments&post=553"}],"version-history":[{"count":2,"href":"https:\/\/vivremieux-aulnay.fr\/index.php?rest_route=\/wp\/v2\/posts\/553\/revisions"}],"predecessor-version":[{"id":557,"href":"https:\/\/vivremieux-aulnay.fr\/index.php?rest_route=\/wp\/v2\/posts\/553\/revisions\/557"}],"wp:attachment":[{"href":"https:\/\/vivremieux-aulnay.fr\/index.php?rest_route=%2Fwp%2Fv2%2Fmedia&parent=553"}],"wp:term":[{"taxonomy":"category","embeddable":true,"href":"https:\/\/vivremieux-aulnay.fr\/index.php?rest_route=%2Fwp%2Fv2%2Fcategories&post=553"},{"taxonomy":"post_tag","embeddable":true,"href":"https:\/\/vivremieux-aulnay.fr\/index.php?rest_route=%2Fwp%2Fv2%2Ftags&post=553"}],"curies":[{"name":"wp","href":"https:\/\/api.w.org\/{rel}","templated":true}]}}