{"id":545,"date":"2017-11-30T17:45:28","date_gmt":"2017-11-30T16:45:28","guid":{"rendered":"http:\/\/vivremieux-aulnay.fr\/?p=545"},"modified":"2017-11-30T17:45:28","modified_gmt":"2017-11-30T16:45:28","slug":"fin-des-poursuites-judiciaires-contre-des-adherents-de-vme","status":"publish","type":"post","link":"https:\/\/vivremieux-aulnay.fr\/?p=545","title":{"rendered":"Fin des poursuites judiciaires contre des adh\u00e9rents de VME"},"content":{"rendered":"<p><a class=\"link-to-pdf\" title=\"Com abandon poursuite judiciaure contre membre de VME\" href=\"https:\/\/vivremieux-aulnay.fr\/wp-content\/uploads\/2017\/11\/Com-abandon-poursuite-judiciaure-contre-membre-de-VME.pdf\" target=\"_blank\" rel=\"attachment noopener wp-att-546\"><img loading=\"lazy\" decoding=\"async\" class=\"alignright size-medium wp-image-547 thumb-of-pdf\" src=\"https:\/\/vivremieux-aulnay.fr\/wp-content\/uploads\/2017\/11\/Com-abandon-poursuite-judiciaure-contre-membre-de-VME-pdf-212x300.jpg\" alt=\"thumbnail of Com abandon poursuite judiciaure contre membre de VME\" width=\"212\" height=\"300\" srcset=\"https:\/\/vivremieux-aulnay.fr\/wp-content\/uploads\/2017\/11\/Com-abandon-poursuite-judiciaure-contre-membre-de-VME-pdf-212x300.jpg 212w, https:\/\/vivremieux-aulnay.fr\/wp-content\/uploads\/2017\/11\/Com-abandon-poursuite-judiciaure-contre-membre-de-VME-pdf.jpg 723w\" sizes=\"auto, (max-width: 212px) 100vw, 212px\" \/><\/a>Communiqu\u00e9 de presse, Aulnay-sous-Bois le 23 novembre 2017<\/p>\n<p><strong>Aulnay-sous-Bois : fin des poursuites judiciaires contre des adh\u00e9rents de VME* d\u00e9non\u00e7ant la censure de la campagne de pr\u00e9vention contre le SIDA<\/strong><\/p>\n<p><strong>Les d\u00e9bats doivent avoir lieu dans l\u2019espace d\u00e9mocratique et non devant les tribunaux<\/strong><\/p>\n<p>La nouvelle est tomb\u00e9e dans l&rsquo;apr\u00e8s-midi de mercredi 22 novembre : <strong>le maire d&rsquo;Aulnay a retir\u00e9 sa plainte pour diffamation contre nos 7 colleurs d\u2019affiches.<\/strong><br \/>\nL&rsquo;audience devait avoir lieu en ce 23 novembre, elle a \u00e9t\u00e9 annul\u00e9e. Nos deux ami-\u00ea-s ard\u00e9chois co-accus\u00e9s \u00e9taient d\u00e9j\u00e0 dans le train pour pr\u00e9parer avec nous l\u2019audience.<\/p>\n<p><strong>Nous nous r\u00e9jouissons de cette nouvelle qui marque le retour du d\u00e9bat dans l\u2019espace d\u00e9mocratique qu\u2019il n\u2019aurait jamais d\u00fb quitter.<\/strong> Nous avons \u00e9t\u00e9 particuli\u00e8rement choqu\u00e9s par cette plainte qui judiciarisait le si n\u00e9cessaire d\u00e9bat d\u00e9mocratique, dans ce qu\u2019il a de d\u00e9saccords, de conflits cr\u00e9ateurs, de r\u00e9flexions et d\u2019avanc\u00e9es d\u00e9mocratiques.<\/p>\n<p>Cette d\u00e9cision a \u00e9t\u00e9 rendue possible gr\u00e2ce \u00e0 la mobilisation de nombreu-se-s aulnaysien-ne-s, \u00e0 l\u2019interpellation de l\u2019\u00e9quipe municipale et \u00e0 une m\u00e9diation r\u00e9ussie avec le maire\u2026<\/p>\n<p><strong>Nous n\u2019oublions pas non plus que d\u2019autres citoyen-nes sont victimes de proc\u00e9dures judiciaires,<\/strong> y compris sur ce sujet de la condamnation de la censure de la campagne de pr\u00e9vention du SIDA. La libert\u00e9 d\u2019expression doit \u00eatre partout d\u00e9fendue.<br \/>\n<strong>Nous souhaitons l\u2019abandon de toutes les proc\u00e9dures engag\u00e9es<\/strong> et l\u2019instauration d\u2019un d\u00e9bat entre \u00e9lu-e-s et citoyens approfondi, exigeant et respectueux.<\/p>\n<p>Notre association est porteuse d\u2019exigences d\u00e9mocratiques et poursuivra son action pour un d\u00e9bat citoyen de qualit\u00e9 et une ville apais\u00e9e.<\/p>\n<p>Pour le comit\u00e9 d\u2019animation,<\/p>\n<p>Alain Am\u00e9dro<\/p>\n<p>* Pour avoir voulu informer la population de cette censure, des sympathisant-e-s de notre association ont \u00e9t\u00e9 arr\u00eat\u00e9s par la police municipale et faisaient l\u2019objet d\u2019une plainte en diffamation par le maire.<\/p>\n","protected":false},"excerpt":{"rendered":"<p>Communiqu\u00e9 de presse, Aulnay-sous-Bois le 23 novembre 2017 Aulnay-sous-Bois : fin des poursuites judiciaires contre des adh\u00e9rents de VME* d\u00e9non\u00e7ant la censure de la campagne de pr\u00e9vention contre le SIDA Les d\u00e9bats doivent avoir lieu dans l\u2019espace d\u00e9mocratique et non devant les tribunaux La nouvelle est tomb\u00e9e dans l&rsquo;apr\u00e8s-midi de mercredi 22 novembre : le &hellip; <a href=\"https:\/\/vivremieux-aulnay.fr\/?p=545\" class=\"more-link\">Continuer la lecture de <span class=\"screen-reader-text\">Fin des poursuites judiciaires contre des adh\u00e9rents de VME<\/span> <span class=\"meta-nav\">&rarr;<\/span><\/a><\/p>\n","protected":false},"author":1,"featured_media":0,"comment_status":"open","ping_status":"open","sticky":false,"template":"","format":"standard","meta":{"footnotes":""},"categories":[16],"tags":[],"class_list":["post-545","post","type-post","status-publish","format-standard","hentry","category-communique"],"_links":{"self":[{"href":"https:\/\/vivremieux-aulnay.fr\/index.php?rest_route=\/wp\/v2\/posts\/545","targetHints":{"allow":["GET"]}}],"collection":[{"href":"https:\/\/vivremieux-aulnay.fr\/index.php?rest_route=\/wp\/v2\/posts"}],"about":[{"href":"https:\/\/vivremieux-aulnay.fr\/index.php?rest_route=\/wp\/v2\/types\/post"}],"author":[{"embeddable":true,"href":"https:\/\/vivremieux-aulnay.fr\/index.php?rest_route=\/wp\/v2\/users\/1"}],"replies":[{"embeddable":true,"href":"https:\/\/vivremieux-aulnay.fr\/index.php?rest_route=%2Fwp%2Fv2%2Fcomments&post=545"}],"version-history":[{"count":1,"href":"https:\/\/vivremieux-aulnay.fr\/index.php?rest_route=\/wp\/v2\/posts\/545\/revisions"}],"predecessor-version":[{"id":550,"href":"https:\/\/vivremieux-aulnay.fr\/index.php?rest_route=\/wp\/v2\/posts\/545\/revisions\/550"}],"wp:attachment":[{"href":"https:\/\/vivremieux-aulnay.fr\/index.php?rest_route=%2Fwp%2Fv2%2Fmedia&parent=545"}],"wp:term":[{"taxonomy":"category","embeddable":true,"href":"https:\/\/vivremieux-aulnay.fr\/index.php?rest_route=%2Fwp%2Fv2%2Fcategories&post=545"},{"taxonomy":"post_tag","embeddable":true,"href":"https:\/\/vivremieux-aulnay.fr\/index.php?rest_route=%2Fwp%2Fv2%2Ftags&post=545"}],"curies":[{"name":"wp","href":"https:\/\/api.w.org\/{rel}","templated":true}]}}