{"id":531,"date":"2017-11-16T00:34:47","date_gmt":"2017-11-15T23:34:47","guid":{"rendered":"http:\/\/vivremieux-aulnay.fr\/?p=531"},"modified":"2017-11-23T11:51:50","modified_gmt":"2017-11-23T10:51:50","slug":"arretons-les-frais","status":"publish","type":"post","link":"https:\/\/vivremieux-aulnay.fr\/?p=531","title":{"rendered":"\u00ab\u00a0Arr\u00eatons les Frais\u00a0!\u00a0\u00bb"},"content":{"rendered":"<p><strong><a class=\"link-to-pdf\" title=\"20171115-ArretonsLesFrais\" href=\"https:\/\/vivremieux-aulnay.fr\/wp-content\/uploads\/2017\/11\/20171115-ArretonsLesFrais.pdf\" target=\"_blank\" rel=\"attachment wp-att-533 noopener\"><img loading=\"lazy\" decoding=\"async\" class=\"alignright size-medium wp-image-534 thumb-of-pdf\" src=\"https:\/\/vivremieux-aulnay.fr\/wp-content\/uploads\/2017\/11\/20171115-ArretonsLesFrais-pdf-212x300.jpg\" alt=\"thumbnail of 20171115-ArretonsLesFrais\" width=\"212\" height=\"300\" srcset=\"https:\/\/vivremieux-aulnay.fr\/wp-content\/uploads\/2017\/11\/20171115-ArretonsLesFrais-pdf-212x300.jpg 212w, https:\/\/vivremieux-aulnay.fr\/wp-content\/uploads\/2017\/11\/20171115-ArretonsLesFrais-pdf.jpg 723w\" sizes=\"auto, (max-width: 212px) 100vw, 212px\" \/><\/a>Censure de la campagne de pr\u00e9vention contre le SIDA\u00a0: la justice donne tort au maire d\u2019Aulnay-sous-Bois. Vivre Mieux Ensemble demande la fin des attaques en justice par le maire de ses sympathisants.<\/strong><\/p>\n<p>Pour avoir voulu informer la population de cette censure,<strong> des sympathisant-e-s de notre association ont \u00e9t\u00e9 arr\u00eat\u00e9s par la police municipale et font aujourd\u2019hui l\u2019objet d\u2019une plainte en diffamation par le maire.<\/strong> Ces habitants devront s\u2019endetter de plusieurs milliers d\u2019euros ou faire appel \u00e0 la solidarit\u00e9 pour faire face \u00e0 une attaque financ\u00e9e avec l\u2019argent des contribuables aulnaysiens.<\/p>\n<p>VME a en effet d\u00e9nonc\u00e9 avec responsabilit\u00e9 et exigence cette censure du maire d\u2019Aulnay, d\u00e9sapprouv\u00e9e par la justice, et a appel\u00e9 \u00e0 une r\u00e9union publique d\u2019information sur la r\u00e9alit\u00e9, encore dramatique, de l\u2019\u00e9pid\u00e9mie de SIDA et sur les cons\u00e9quences alarmantes de l\u2019homophobie dans notre pays.<\/p>\n<p>Le tribunal a en effet estim\u00e9 dans sa d\u00e9cision \u00ab\u00a0qu&rsquo;il n&rsquo;\u00e9tait pas d\u00e9montr\u00e9 que la campagne d&rsquo;affichage, qui ob\u00e9issait \u00e0 un objectif de protection de la sant\u00e9 publique, \u00e9tait de nature \u00e0 provoquer dans la commune des troubles \u00e0 l&rsquo;ordre public\u00a0\u00bb. Il a aussi consid\u00e9r\u00e9 que \u00ab\u00a0le caract\u00e8re immoral de ces affiches et le danger qu&rsquo;elles \u00e9taient susceptibles de pr\u00e9senter pour les mineurs, \u00e0 les supposer \u00e9tablis, ne pouvaient justifier l\u00e9galement l&rsquo;interdiction totale de tout affichage sur le territoire de la commune\u00a0\u00bb.<\/p>\n<p><strong>Nous demandons donc solennellement \u00e0 Monsieur Beschizza de mettre fin \u00e0 ses attaques judiciaires, d\u2019arr\u00eater sans attendre les frais\u00a0! La qualit\u00e9 du d\u00e9bat d\u00e9mocratique, la facult\u00e9 d\u2019informer et de critiquer sont de droit en d\u00e9mocratie.<\/strong><br \/>\nNous l\u2019invitons \u00e0 retrouver les voies du dialogue avec les citoyen-ne-s aulnaysien-ne-s, qu\u2019ils soient ou qu\u2019elles soient blogueur-e-s, acteurs et actrices associatifs ou militant-e-s politiques\u2026 Le d\u00e9bat ne doit pas avoir lieu devant les tribunaux mais devant les aulnaysien-ne-s.<\/p>\n<p>C\u2019est la recette d\u2019une ville apais\u00e9e\u00a0!<\/p>\n","protected":false},"excerpt":{"rendered":"<p>Censure de la campagne de pr\u00e9vention contre le SIDA\u00a0: la justice donne tort au maire d\u2019Aulnay-sous-Bois. Vivre Mieux Ensemble demande la fin des attaques en justice par le maire de ses sympathisants. Pour avoir voulu informer la population de cette censure, des sympathisant-e-s de notre association ont \u00e9t\u00e9 arr\u00eat\u00e9s par la police municipale et font &hellip; <a href=\"https:\/\/vivremieux-aulnay.fr\/?p=531\" class=\"more-link\">Continuer la lecture de <span class=\"screen-reader-text\">\u00ab\u00a0Arr\u00eatons les Frais\u00a0!\u00a0\u00bb<\/span> <span class=\"meta-nav\">&rarr;<\/span><\/a><\/p>\n","protected":false},"author":1,"featured_media":0,"comment_status":"open","ping_status":"open","sticky":false,"template":"","format":"standard","meta":{"footnotes":""},"categories":[16,18],"tags":[],"class_list":["post-531","post","type-post","status-publish","format-standard","hentry","category-communique","category-discriminations"],"_links":{"self":[{"href":"https:\/\/vivremieux-aulnay.fr\/index.php?rest_route=\/wp\/v2\/posts\/531","targetHints":{"allow":["GET"]}}],"collection":[{"href":"https:\/\/vivremieux-aulnay.fr\/index.php?rest_route=\/wp\/v2\/posts"}],"about":[{"href":"https:\/\/vivremieux-aulnay.fr\/index.php?rest_route=\/wp\/v2\/types\/post"}],"author":[{"embeddable":true,"href":"https:\/\/vivremieux-aulnay.fr\/index.php?rest_route=\/wp\/v2\/users\/1"}],"replies":[{"embeddable":true,"href":"https:\/\/vivremieux-aulnay.fr\/index.php?rest_route=%2Fwp%2Fv2%2Fcomments&post=531"}],"version-history":[{"count":2,"href":"https:\/\/vivremieux-aulnay.fr\/index.php?rest_route=\/wp\/v2\/posts\/531\/revisions"}],"predecessor-version":[{"id":535,"href":"https:\/\/vivremieux-aulnay.fr\/index.php?rest_route=\/wp\/v2\/posts\/531\/revisions\/535"}],"wp:attachment":[{"href":"https:\/\/vivremieux-aulnay.fr\/index.php?rest_route=%2Fwp%2Fv2%2Fmedia&parent=531"}],"wp:term":[{"taxonomy":"category","embeddable":true,"href":"https:\/\/vivremieux-aulnay.fr\/index.php?rest_route=%2Fwp%2Fv2%2Fcategories&post=531"},{"taxonomy":"post_tag","embeddable":true,"href":"https:\/\/vivremieux-aulnay.fr\/index.php?rest_route=%2Fwp%2Fv2%2Ftags&post=531"}],"curies":[{"name":"wp","href":"https:\/\/api.w.org\/{rel}","templated":true}]}}