{"id":518,"date":"2017-09-28T14:37:41","date_gmt":"2017-09-28T13:37:41","guid":{"rendered":"http:\/\/vivremieux-aulnay.fr\/?p=518"},"modified":"2017-09-28T14:39:48","modified_gmt":"2017-09-28T13:39:48","slug":"europacity-vme-present-au-conseil-municipal-de-gonesse","status":"publish","type":"post","link":"https:\/\/vivremieux-aulnay.fr\/?p=518","title":{"rendered":"Europacity: VME pr\u00e9sent au conseil municipal de Gonesse"},"content":{"rendered":"<p>Les membres de VME \u00e9taient pr\u00e9sents au conseil municipal de Gonesse du 25 septembre 2017 qui a vot\u00e9 la r\u00e9vision du PLU de la ville autorisant le grand projet nuisible Europacity.<\/p>\n<p>Les membres de notre association, aupr\u00e8s du CPTG, ont aid\u00e9 \u00e0 pointer le mode d\u00e9veloppement anachronique du projet, l&rsquo;existence d&rsquo;alternatives comme CARMA, et d\u00e9noncer les affirmations des \u00e9lus transformant la r\u00e9alit\u00e9 [1]\u00a0 ou usant du m\u00e9pris [2] pour faire avaler la pilule.<\/p>\n<p>Vous pouvez retrouver <a href=\"http:\/\/www.leparisien.fr\/gonesse-95500\/gonesse-les-projets-d-urbanisme-adoptes-dans-une-ambiance-houleuse-26-09-2017-7287933.php\">un article du Parisien<\/a> qui donne \u00e9cho \u00e0 cette mobilisation:<\/p>\n<p><a href=\"http:\/\/www.leparisien.fr\/gonesse-95500\/gonesse-les-projets-d-urbanisme-adoptes-dans-une-ambiance-houleuse-26-09-2017-7287933.php\"><img loading=\"lazy\" decoding=\"async\" class=\"aligncenter wp-image-520 size-medium\" src=\"https:\/\/vivremieux-aulnay.fr\/wp-content\/uploads\/2017\/09\/Parisien20170926-300x286.jpg\" alt=\"\" width=\"300\" height=\"286\" srcset=\"https:\/\/vivremieux-aulnay.fr\/wp-content\/uploads\/2017\/09\/Parisien20170926-300x286.jpg 300w, https:\/\/vivremieux-aulnay.fr\/wp-content\/uploads\/2017\/09\/Parisien20170926.jpg 711w\" sizes=\"auto, (max-width: 300px) 100vw, 300px\" \/><\/a><\/p>\n<p>[1] <small>Petit floril\u00e8ge de cette transformation de la r\u00e9alit\u00e9 :<\/small><\/p>\n<ul>\n<li><small>\u00ab\u00a0<em>Europacity n&rsquo;est pas un centre commercial<\/em>\u00a0\u00bb alors que 500 boutiques sont pr\u00e9vues<\/small><\/li>\n<li><small>\u00ab\u00a0<em>EuropaCity aura un impact limit\u00e9 sur les surfaces commerciales alentour<\/em>\u00a0\u00bb ou \u00ab\u00a0<em>Gonesse \u00ab\u00a0sous dot\u00e9e en centre commerciaux<\/em>\u00a0\u00bb alors que le projet est mitoyen de 3 centres commerciaux r\u00e9gionaux et que le taux de vacance commerciale Est 95 \/ Nord 93 est de 14% (source CCI)).<\/small><\/li>\n<li><small>\u00ab\u00a0<em>L&rsquo;avis de Terres d&rsquo;Envol sur la r\u00e9vision du PLU est consid\u00e9r\u00e9 comme r\u00e9serv\u00e9, donc pas d\u00e9favorable<\/em>\u00ab\u00a0<\/small><\/li>\n<li><small>\u00ab\u00a0<em>Le SDRIF recommande d&rsquo;urbaniser le Triangle de Gonesse<\/em>\u00a0\u00bb (en r\u00e9alit\u00e9 le SDRIF autorise l&rsquo;urbanisation <strong>sous conditions<\/strong> du Triangle de Gonesse, mais ne la prescrit pas. Il pr\u00e9conise par contre la ma\u00eetrise de l&rsquo;\u00e9talement urbain)<\/small><\/li>\n<\/ul>\n<p>[2] <small>Quelques exemples d&rsquo;arguments m\u00e9prisants utilis\u00e9s par les promoteurs d&rsquo;Europacity :<\/small><\/p>\n<ul>\n<li><small>\u00ab\u00a0<em>les non-Gonessiens qui ont exprim\u00e9 un avis d\u00e9favorable \u00e0 la r\u00e9vision du PLU de Gonesse ne savaient pas localiser la ville<\/em>\u00a0\u00bb (Sauf que pendant l&rsquo;enqu\u00eate publique \/ r\u00e9vision PLU il y avait 145 signatures pour et 1583 contre en ligne + 1012 sur papier dont 370 de Gonessiens)<\/small><\/li>\n<li><small>\u00ab\u00a0<em>Les agriculteurs du triangle de Gonesse sont des<\/em> <em>pollueurs, exploiteurs<\/em>\u00ab\u00a0<\/small><\/li>\n<li><small>\u00ab\u00a0<em>Les opposants sont des bobos parisiens<\/em>\u00ab\u00a0<\/small><\/li>\n<\/ul>\n","protected":false},"excerpt":{"rendered":"<p>Les membres de VME \u00e9taient pr\u00e9sents au conseil municipal de Gonesse du 25 septembre 2017 qui a vot\u00e9 la r\u00e9vision du PLU de la ville autorisant le grand projet nuisible Europacity. Les membres de notre association, aupr\u00e8s du CPTG, ont aid\u00e9 \u00e0 pointer le mode d\u00e9veloppement anachronique du projet, l&rsquo;existence d&rsquo;alternatives comme CARMA, et d\u00e9noncer &hellip; <a href=\"https:\/\/vivremieux-aulnay.fr\/?p=518\" class=\"more-link\">Continuer la lecture de <span class=\"screen-reader-text\">Europacity: VME pr\u00e9sent au conseil municipal de Gonesse<\/span> <span class=\"meta-nav\">&rarr;<\/span><\/a><\/p>\n","protected":false},"author":1,"featured_media":0,"comment_status":"open","ping_status":"open","sticky":false,"template":"","format":"standard","meta":{"footnotes":""},"categories":[8,4,17],"tags":[],"class_list":["post-518","post","type-post","status-publish","format-standard","hentry","category-manifestation","category-medias","category-europacity"],"_links":{"self":[{"href":"https:\/\/vivremieux-aulnay.fr\/index.php?rest_route=\/wp\/v2\/posts\/518","targetHints":{"allow":["GET"]}}],"collection":[{"href":"https:\/\/vivremieux-aulnay.fr\/index.php?rest_route=\/wp\/v2\/posts"}],"about":[{"href":"https:\/\/vivremieux-aulnay.fr\/index.php?rest_route=\/wp\/v2\/types\/post"}],"author":[{"embeddable":true,"href":"https:\/\/vivremieux-aulnay.fr\/index.php?rest_route=\/wp\/v2\/users\/1"}],"replies":[{"embeddable":true,"href":"https:\/\/vivremieux-aulnay.fr\/index.php?rest_route=%2Fwp%2Fv2%2Fcomments&post=518"}],"version-history":[{"count":3,"href":"https:\/\/vivremieux-aulnay.fr\/index.php?rest_route=\/wp\/v2\/posts\/518\/revisions"}],"predecessor-version":[{"id":522,"href":"https:\/\/vivremieux-aulnay.fr\/index.php?rest_route=\/wp\/v2\/posts\/518\/revisions\/522"}],"wp:attachment":[{"href":"https:\/\/vivremieux-aulnay.fr\/index.php?rest_route=%2Fwp%2Fv2%2Fmedia&parent=518"}],"wp:term":[{"taxonomy":"category","embeddable":true,"href":"https:\/\/vivremieux-aulnay.fr\/index.php?rest_route=%2Fwp%2Fv2%2Fcategories&post=518"},{"taxonomy":"post_tag","embeddable":true,"href":"https:\/\/vivremieux-aulnay.fr\/index.php?rest_route=%2Fwp%2Fv2%2Ftags&post=518"}],"curies":[{"name":"wp","href":"https:\/\/api.w.org\/{rel}","templated":true}]}}