{"id":510,"date":"2017-09-26T10:48:39","date_gmt":"2017-09-26T09:48:39","guid":{"rendered":"http:\/\/vivremieux-aulnay.fr\/?p=510"},"modified":"2017-09-26T10:50:12","modified_gmt":"2017-09-26T09:50:12","slug":"vme-demande-que-lavenue-schueller-soit-debaptisee","status":"publish","type":"post","link":"https:\/\/vivremieux-aulnay.fr\/?p=510","title":{"rendered":"VME demande que l\u2019avenue  Schueller soit d\u00e9baptis\u00e9e"},"content":{"rendered":"<h2><strong><a class=\"link-to-pdf\" title=\"2017-09-26-CP-EugeneSchueller\" href=\"https:\/\/vivremieux-aulnay.fr\/wp-content\/uploads\/2017\/09\/2017-09-26-CP-EugeneSchueller.pdf\" target=\"_blank\" rel=\"attachment wp-att-513 noopener\"><img loading=\"lazy\" decoding=\"async\" class=\"alignright size-medium wp-image-514 thumb-of-pdf\" src=\"https:\/\/vivremieux-aulnay.fr\/wp-content\/uploads\/2017\/09\/2017-09-26-CP-EugeneSchueller-pdf-212x300.jpg\" alt=\"thumbnail of 2017-09-26-CP-EugeneSchueller\" width=\"212\" height=\"300\" srcset=\"https:\/\/vivremieux-aulnay.fr\/wp-content\/uploads\/2017\/09\/2017-09-26-CP-EugeneSchueller-pdf-212x300.jpg 212w, https:\/\/vivremieux-aulnay.fr\/wp-content\/uploads\/2017\/09\/2017-09-26-CP-EugeneSchueller-pdf.jpg 723w\" sizes=\"auto, (max-width: 212px) 100vw, 212px\" \/><\/a>Aulnay poss\u00e8de encore une rue \u00e0 la gloire d\u2019un sympathisant des Nazis<\/strong><\/h2>\n<p>La mort de Liliane Bettencourt remet \u00e0 l\u2019actualit\u00e9 les activit\u00e9s de son p\u00e8re, Eug\u00e8ne Schueller, fondateur de L\u2019Or\u00e9al, que notre ville est la derni\u00e8re \u00e0 honorer par le nom d\u2019une ses voies (une avenue et un passage \u00e0 son nom).<\/p>\n<p>Il est temps d\u00e9sormais de renouveler \u00e0 Bruno Beschizza, la demande d\u00e9j\u00e0 faite par Andr\u00e9 Cuzon aupr\u00e8s de G\u00e9rard Gaudron et G\u00e9rard S\u00e9gura [1], mais repouss\u00e9e face aux pressions du groupe L\u2019Or\u00e9al dont Liliane Bettencourt, veuve de l\u2019ancien antis\u00e9mite notoire Andr\u00e9 Bettencourt, poss\u00e9dait les principaux droits de vote au conseil d\u2019administration.<\/p>\n<p>Nul ne peut d\u00e9sormais ignorer qu\u2019il est reproch\u00e9 \u00e0 Eug\u00e8ne Schueller d\u2019avoir \u00e9t\u00e9 militant pro-nazi, d\u2019avoir mis ses moyens personnels et financiers \u00e0 disposition de la Cagoule, groupe violent fasciste [2] , et d\u2019avoir organis\u00e9 des r\u00e9unions de ce groupe au si\u00e8ge de L\u2019Or\u00e9al \u00e0 Paris.<br \/>\nNul ne peut d\u00e9sormais ignorer que Eug\u00e8ne Schueller, bien qu\u2019ayant r\u00e9ussi \u00e0 \u00e9chapper aux sanctions apr\u00e8s la guerre, est accus\u00e9 d\u2019avoir recycl\u00e9 nombre d\u2019acteurs de la collaboration nazie et cagoulards apr\u00e8s la Lib\u00e9ration \u00e0 des postes de directeurs, qu\u2019ils eussent \u00e9t\u00e9 en prison ou non [3].<br \/>\nNul ne peut d\u00e9sormais ignorer que le groupe fond\u00e9 par Eug\u00e8ne Schueller aurait fait construire son si\u00e8ge allemand \u00e0 Karlsruhe sur un terrain spoli\u00e9 \u00e0 une famille juive en versant des dommages de guerre aux nazis qui avaient op\u00e9r\u00e9 la spoliation [4].<br \/>\nNul ne peut ignorer que le groupe L\u2019Or\u00e9al avait lui-m\u00eame admis d\u00e8s 2001, comme le rapporte le magasine Times, que son fondateur \u00e9tait \u00ab\u00a0un fasciste antis\u00e9mite\u00a0\u00bb [5].<\/p>\n<p>En cette p\u00e9riode o\u00f9 nous devons lutter plus que jamais contre les discriminations, notre ville doit se construire un avenir loin de personnes au pass\u00e9 notoirement antis\u00e9mite. Il est donc l\u2019heure pour le maire d\u2019\u00eatre celui qui fera entrer notre ville dans le refus de l\u2019amn\u00e9sie de l\u2019histoire.<\/p>\n<p>NB: Voir les r\u00e9f\u00e9rences historiques dans le <a href=\"https:\/\/vivremieux-aulnay.fr\/wp-content\/uploads\/2017\/09\/2017-09-26-CP-EugeneSchueller.pdf\">PDF joint<\/a>.<\/p>\n<p><small>[1] \u00ab\u00a0Andr\u00e9 Cuzon : avenue Eug\u00e8ne Schueller \u00e0 Aulnay-sous-Bois, les assassins sont toujours \u00e0 l\u2019honneur 75 ans apr\u00e8s\u00a0\u00bb <a href=\"https:\/\/monaulnay.com\/?p=40011\">sur MonAulnay.com<\/a><\/small><br \/>\n<small>[2] Parmi les activit\u00e9s criminelles perp\u00e9tr\u00e9es par La Cagoule, mentionnons le transport d\u2019armes \u00e0 feu, l\u2019assassinat d\u2019un ancien ministre et l\u2019explosion de six synagogues.<\/small><br \/>\n<small>[3] Parmi lesquels Jacques Corr\u00e8ze qui devient \u00e0 sa sortie de prison apr\u00e8s 1949 haut cadre de divers soci\u00e9t\u00e9s du groupe L\u2019Or\u00e9al. Selon Serge Klarsfeld L\u2019Or\u00e9al, \u00e9tait devenue \u00ab\u00a0une usine con\u00e7ue pour recycler l\u2019extr\u00eame droite\u00a0\u00bb en recherche respectabilit\u00e9 \u00e0 l\u2019apr\u00e8s-guerre.<\/small><br \/>\n<small>[4] La cour Europ\u00e9enne des droits de l\u2019Homme doit statuer sur cette affaire depuis 2007.<\/small><br \/>\n<small>[5] \u00ab\u00a0<a href=\"http:\/\/content.time.com\/time\/magazine\/article\/0,9171,157348,00.html\">Business Notes Scandal L&rsquo;Oreal&rsquo;s<\/a>\u00a0\u00bb. Time. 24 June 2001.<\/small><\/p>\n","protected":false},"excerpt":{"rendered":"<p>Aulnay poss\u00e8de encore une rue \u00e0 la gloire d\u2019un sympathisant des Nazis La mort de Liliane Bettencourt remet \u00e0 l\u2019actualit\u00e9 les activit\u00e9s de son p\u00e8re, Eug\u00e8ne Schueller, fondateur de L\u2019Or\u00e9al, que notre ville est la derni\u00e8re \u00e0 honorer par le nom d\u2019une ses voies (une avenue et un passage \u00e0 son nom). Il est temps &hellip; <a href=\"https:\/\/vivremieux-aulnay.fr\/?p=510\" class=\"more-link\">Continuer la lecture de <span class=\"screen-reader-text\">VME demande que l\u2019avenue  Schueller soit d\u00e9baptis\u00e9e<\/span> <span class=\"meta-nav\">&rarr;<\/span><\/a><\/p>\n","protected":false},"author":1,"featured_media":0,"comment_status":"open","ping_status":"open","sticky":false,"template":"","format":"standard","meta":{"footnotes":""},"categories":[16,18],"tags":[],"class_list":["post-510","post","type-post","status-publish","format-standard","hentry","category-communique","category-discriminations"],"_links":{"self":[{"href":"https:\/\/vivremieux-aulnay.fr\/index.php?rest_route=\/wp\/v2\/posts\/510","targetHints":{"allow":["GET"]}}],"collection":[{"href":"https:\/\/vivremieux-aulnay.fr\/index.php?rest_route=\/wp\/v2\/posts"}],"about":[{"href":"https:\/\/vivremieux-aulnay.fr\/index.php?rest_route=\/wp\/v2\/types\/post"}],"author":[{"embeddable":true,"href":"https:\/\/vivremieux-aulnay.fr\/index.php?rest_route=\/wp\/v2\/users\/1"}],"replies":[{"embeddable":true,"href":"https:\/\/vivremieux-aulnay.fr\/index.php?rest_route=%2Fwp%2Fv2%2Fcomments&post=510"}],"version-history":[{"count":5,"href":"https:\/\/vivremieux-aulnay.fr\/index.php?rest_route=\/wp\/v2\/posts\/510\/revisions"}],"predecessor-version":[{"id":517,"href":"https:\/\/vivremieux-aulnay.fr\/index.php?rest_route=\/wp\/v2\/posts\/510\/revisions\/517"}],"wp:attachment":[{"href":"https:\/\/vivremieux-aulnay.fr\/index.php?rest_route=%2Fwp%2Fv2%2Fmedia&parent=510"}],"wp:term":[{"taxonomy":"category","embeddable":true,"href":"https:\/\/vivremieux-aulnay.fr\/index.php?rest_route=%2Fwp%2Fv2%2Fcategories&post=510"},{"taxonomy":"post_tag","embeddable":true,"href":"https:\/\/vivremieux-aulnay.fr\/index.php?rest_route=%2Fwp%2Fv2%2Ftags&post=510"}],"curies":[{"name":"wp","href":"https:\/\/api.w.org\/{rel}","templated":true}]}}