{"id":5,"date":"2014-09-29T11:30:25","date_gmt":"2014-09-29T10:30:25","guid":{"rendered":"http:\/\/vivremieux-aulnay.fr\/?p=5"},"modified":"2014-10-09T12:08:53","modified_gmt":"2014-10-09T11:08:53","slug":"bienvenue","status":"publish","type":"post","link":"https:\/\/vivremieux-aulnay.fr\/?p=5","title":{"rendered":"Invitation: <em>\u00ab\u00a0Ralentir pour r\u00e9fl\u00e9chir\u00a0\u00bb<\/em>"},"content":{"rendered":"<h4><a href=\"https:\/\/vivremieux-aulnay.fr\/wp-content\/uploads\/2014\/09\/rencontre-du-14-octobre-2014b2.pdf\"><img loading=\"lazy\" decoding=\"async\" class=\"alignright size-full wp-image-17\" src=\"https:\/\/vivremieux-aulnay.fr\/wp-content\/uploads\/2014\/09\/rencontre-du-14-octobre-2014b2.png\" alt=\"rencontre-du-14-octobre-2014b2\" width=\"193\" height=\"250\" \/><\/a>Les rencontres aulnaysiennes de Vivre mieux ensemble \u00e0 Aulnay-sous-Bois<\/h4>\n<p>Madame, Monsieur, Cher-e ami-e<br \/>\nNous vous proposons plusieurs rendez-vous pour comprendre le monde tel qu&rsquo;il va, tel qu&rsquo;il file \u00e0 toute vitesse&#8230;<br \/>\nUn monde du \u00ab\u00a0tout, tout de suite\u00a0\u00bb, de l\u2019imm\u00e9diatet\u00e9, dans cette buzz-p\u00e9riode qui nous agresse, de ce temps qui nous \u00e9chappe\u2026 Retrouvons le temps de r\u00e9fl\u00e9chir, de partager ensemble des id\u00e9es dans une m\u00eame salle, loin des \u00e9crans&#8230;<br \/>\nVous ferez bien une premi\u00e8re pause avec nous, une pause-caf\u00e9 pour un moment convivial : r\u00e9flexion, partage et inter-action autour d&rsquo;un auteur\u00a0:<\/p>\n<h3 style=\"text-align: center;\">Nous recevons le <strong>mardi 14 octobre<\/strong><br \/>\nStephen Kerckhove,<br \/>\nauteur d&rsquo;un livre sur la :<br \/>\nDictature de l&rsquo;imm\u00e9diatet\u00e9<\/h3>\n<p style=\"text-align: left;\"><strong>Un lieu<\/strong> : salle Dumont<br \/>\n<strong>Une heure<\/strong> : \u00e0 partir de 20H15, ou 19H30, si vous souhaitez et pouvez nous aider \u00e0 installer la salle.<br \/>\n<strong>Un auteur, Un livre, Des questions<\/strong> : Stephen Kerckhove est d\u00e9l\u00e9gu\u00e9 g\u00e9n\u00e9ral d&rsquo;Agir pour l&rsquo;Environnement. Comment la dictature de l\u2019imm\u00e9diatet\u00e9 s&rsquo;est-elle impos\u00e9e? quelles sont les cons\u00e9quences sur le corps social, sur nos vies? Constatant les d\u00e9g\u00e2ts occasionn\u00e9s par ce culte de l&rsquo;urgence, l&rsquo;auteur nous invite \u00e0 retrouver le go\u00fbt des autres et le temps de vivre vraiment, tout simplement! Nous vous invitons \u00e0 le rencontrer&#8230;<\/p>\n","protected":false},"excerpt":{"rendered":"<p>Les rencontres aulnaysiennes de Vivre mieux ensemble \u00e0 Aulnay-sous-Bois Madame, Monsieur, Cher-e ami-e Nous vous proposons plusieurs rendez-vous pour comprendre le monde tel qu&rsquo;il va, tel qu&rsquo;il file \u00e0 toute vitesse&#8230; Un monde du \u00ab\u00a0tout, tout de suite\u00a0\u00bb, de l\u2019imm\u00e9diatet\u00e9, dans cette buzz-p\u00e9riode qui nous agresse, de ce temps qui nous \u00e9chappe\u2026 Retrouvons le temps &hellip; <a href=\"https:\/\/vivremieux-aulnay.fr\/?p=5\" class=\"more-link\">Continuer la lecture de <span class=\"screen-reader-text\">Invitation: <em>\u00ab\u00a0Ralentir pour r\u00e9fl\u00e9chir\u00a0\u00bb<\/em><\/span> <span class=\"meta-nav\">&rarr;<\/span><\/a><\/p>\n","protected":false},"author":1,"featured_media":0,"comment_status":"open","ping_status":"open","sticky":false,"template":"","format":"standard","meta":{"footnotes":""},"categories":[3],"tags":[],"class_list":["post-5","post","type-post","status-publish","format-standard","hentry","category-les-rencontres-aulnaysiennes-de-vme"],"_links":{"self":[{"href":"https:\/\/vivremieux-aulnay.fr\/index.php?rest_route=\/wp\/v2\/posts\/5","targetHints":{"allow":["GET"]}}],"collection":[{"href":"https:\/\/vivremieux-aulnay.fr\/index.php?rest_route=\/wp\/v2\/posts"}],"about":[{"href":"https:\/\/vivremieux-aulnay.fr\/index.php?rest_route=\/wp\/v2\/types\/post"}],"author":[{"embeddable":true,"href":"https:\/\/vivremieux-aulnay.fr\/index.php?rest_route=\/wp\/v2\/users\/1"}],"replies":[{"embeddable":true,"href":"https:\/\/vivremieux-aulnay.fr\/index.php?rest_route=%2Fwp%2Fv2%2Fcomments&post=5"}],"version-history":[{"count":5,"href":"https:\/\/vivremieux-aulnay.fr\/index.php?rest_route=\/wp\/v2\/posts\/5\/revisions"}],"predecessor-version":[{"id":20,"href":"https:\/\/vivremieux-aulnay.fr\/index.php?rest_route=\/wp\/v2\/posts\/5\/revisions\/20"}],"wp:attachment":[{"href":"https:\/\/vivremieux-aulnay.fr\/index.php?rest_route=%2Fwp%2Fv2%2Fmedia&parent=5"}],"wp:term":[{"taxonomy":"category","embeddable":true,"href":"https:\/\/vivremieux-aulnay.fr\/index.php?rest_route=%2Fwp%2Fv2%2Fcategories&post=5"},{"taxonomy":"post_tag","embeddable":true,"href":"https:\/\/vivremieux-aulnay.fr\/index.php?rest_route=%2Fwp%2Fv2%2Ftags&post=5"}],"curies":[{"name":"wp","href":"https:\/\/api.w.org\/{rel}","templated":true}]}}