{"id":499,"date":"2017-09-14T14:27:32","date_gmt":"2017-09-14T13:27:32","guid":{"rendered":"http:\/\/vivremieux-aulnay.fr\/?p=499"},"modified":"2017-11-23T11:55:34","modified_gmt":"2017-11-23T10:55:34","slug":"invitation-le-21-septembre-homophobie-ou-en-est-on","status":"publish","type":"post","link":"https:\/\/vivremieux-aulnay.fr\/?p=499","title":{"rendered":"Invitation le 21 septembre&nbsp;: Homophobie,  o\u00f9 en est-on\u00a0?"},"content":{"rendered":"<p><strong><a class=\"link-to-pdf\" title=\"rencontre du 21 septembre 2017V2\" href=\"https:\/\/vivremieux-aulnay.fr\/wp-content\/uploads\/2017\/09\/rencontre-du-21-septembre-2017V2.pdf\" target=\"_blank\" rel=\"attachment wp-att-502 noopener\"><img loading=\"lazy\" decoding=\"async\" class=\"alignright size-medium wp-image-503 thumb-of-pdf\" src=\"https:\/\/vivremieux-aulnay.fr\/wp-content\/uploads\/2017\/09\/rencontre-du-21-septembre-2017V2-pdf-232x300.jpg\" alt=\"thumbnail of rencontre du 21 septembre 2017V2\" width=\"232\" height=\"300\" srcset=\"https:\/\/vivremieux-aulnay.fr\/wp-content\/uploads\/2017\/09\/rencontre-du-21-septembre-2017V2-pdf-232x300.jpg 232w, https:\/\/vivremieux-aulnay.fr\/wp-content\/uploads\/2017\/09\/rencontre-du-21-septembre-2017V2-pdf-768x994.jpg 768w, https:\/\/vivremieux-aulnay.fr\/wp-content\/uploads\/2017\/09\/rencontre-du-21-septembre-2017V2-pdf.jpg 791w\" sizes=\"auto, (max-width: 232px) 100vw, 232px\" \/><\/a>Pr\u00e9sentation du rapport annuel de SOS Homophobie, point sur les mobilisations,<\/strong><br \/>\nen pr\u00e9sence de<br \/>\n<strong>Sylvie Gras<\/strong>, D\u00e9l\u00e9gu\u00e9e IDF de SOS Homophobie<br \/>\nPr\u00e8s d\u2019un an apr\u00e8s la grande soir\u00e9e de lutte contre l\u2019homophobie que notre association a organis\u00e9, il est important de faire le point. Le nom de notre commune avait \u00e9t\u00e9 associ\u00e9 \u00e0 une op\u00e9ration de communication politicienne de censure d\u2019une campagne de pr\u00e9vention contre le VIH \u00e0 destination des homosexuels. Pour l\u2019avoir dit et affich\u00e9 dans notre ville, des citoyens ont \u00e9t\u00e9 arr\u00eat\u00e9s, leurs affiches confisqu\u00e9es par la police municipale et leurs ennuis ne semblent pas finis. Ces \u00e9v\u00e9nements participent d\u2019un climat de rejet et d\u2019exclusion et d\u00e9tournent de la lutte contre les discriminations que vivent les homosexuels au quotidien.<br \/>\n\u00c0 l\u2019occasion de la publication du rapport annuel de SOS Homophobie nous vous invitons \u00e0 venir dialoguer et \u00e9changer sur les cons\u00e9quences humaines, sanitaires, psychologiques et politiques de telles d\u00e9cisions.<\/p>\n<p><strong>Jeudi 21 septembre 2017 \u00e0 19h30<\/strong><br \/>\nSalle Dumont,<br \/>\nParc Dumont, face \u00e0 la gare RER d\u2019Aulnay-sous-Bois (sortie place Charles de Gaulle)<\/p>\n","protected":false},"excerpt":{"rendered":"<p>Pr\u00e9sentation du rapport annuel de SOS Homophobie, point sur les mobilisations, en pr\u00e9sence de Sylvie Gras, D\u00e9l\u00e9gu\u00e9e IDF de SOS Homophobie Pr\u00e8s d\u2019un an apr\u00e8s la grande soir\u00e9e de lutte contre l\u2019homophobie que notre association a organis\u00e9, il est important de faire le point. Le nom de notre commune avait \u00e9t\u00e9 associ\u00e9 \u00e0 une op\u00e9ration &hellip; <a href=\"https:\/\/vivremieux-aulnay.fr\/?p=499\" class=\"more-link\">Continuer la lecture de <span class=\"screen-reader-text\">Invitation le 21 septembre&nbsp;: Homophobie,  o\u00f9 en est-on\u00a0?<\/span> <span class=\"meta-nav\">&rarr;<\/span><\/a><\/p>\n","protected":false},"author":1,"featured_media":0,"comment_status":"open","ping_status":"open","sticky":false,"template":"","format":"standard","meta":{"footnotes":""},"categories":[18,3],"tags":[],"class_list":["post-499","post","type-post","status-publish","format-standard","hentry","category-discriminations","category-les-rencontres-aulnaysiennes-de-vme"],"_links":{"self":[{"href":"https:\/\/vivremieux-aulnay.fr\/index.php?rest_route=\/wp\/v2\/posts\/499","targetHints":{"allow":["GET"]}}],"collection":[{"href":"https:\/\/vivremieux-aulnay.fr\/index.php?rest_route=\/wp\/v2\/posts"}],"about":[{"href":"https:\/\/vivremieux-aulnay.fr\/index.php?rest_route=\/wp\/v2\/types\/post"}],"author":[{"embeddable":true,"href":"https:\/\/vivremieux-aulnay.fr\/index.php?rest_route=\/wp\/v2\/users\/1"}],"replies":[{"embeddable":true,"href":"https:\/\/vivremieux-aulnay.fr\/index.php?rest_route=%2Fwp%2Fv2%2Fcomments&post=499"}],"version-history":[{"count":7,"href":"https:\/\/vivremieux-aulnay.fr\/index.php?rest_route=\/wp\/v2\/posts\/499\/revisions"}],"predecessor-version":[{"id":508,"href":"https:\/\/vivremieux-aulnay.fr\/index.php?rest_route=\/wp\/v2\/posts\/499\/revisions\/508"}],"wp:attachment":[{"href":"https:\/\/vivremieux-aulnay.fr\/index.php?rest_route=%2Fwp%2Fv2%2Fmedia&parent=499"}],"wp:term":[{"taxonomy":"category","embeddable":true,"href":"https:\/\/vivremieux-aulnay.fr\/index.php?rest_route=%2Fwp%2Fv2%2Fcategories&post=499"},{"taxonomy":"post_tag","embeddable":true,"href":"https:\/\/vivremieux-aulnay.fr\/index.php?rest_route=%2Fwp%2Fv2%2Ftags&post=499"}],"curies":[{"name":"wp","href":"https:\/\/api.w.org\/{rel}","templated":true}]}}