{"id":492,"date":"2017-06-28T13:02:07","date_gmt":"2017-06-28T12:02:07","guid":{"rendered":"http:\/\/vivremieux-aulnay.fr\/?p=492"},"modified":"2017-06-28T13:02:07","modified_gmt":"2017-06-28T12:02:07","slug":"le-maire-aurait-il-peur-de-canards-gonflables","status":"publish","type":"post","link":"https:\/\/vivremieux-aulnay.fr\/?p=492","title":{"rendered":"Le maire aurait-il peur de canards gonflables\u00a0?"},"content":{"rendered":"<p><strong><a href=\"https:\/\/vivremieux-aulnay.fr\/wp-content\/uploads\/2017\/06\/rubber-47244_960_720.png\"><img loading=\"lazy\" decoding=\"async\" class=\"alignleft size-thumbnail wp-image-493\" src=\"https:\/\/vivremieux-aulnay.fr\/wp-content\/uploads\/2017\/06\/rubber-47244_960_720-150x150.png\" alt=\"\" width=\"150\" height=\"150\" \/><\/a><\/strong>Aulnay-sous-Bois le 28 juin 2017:<\/p>\n<p><strong>Le maire d\u2019Aulnay-sous-Bois, tente d\u2019emp\u00eacher une manifestation familiale festive (\u00ab\u00a0ap\u00e9ro-pique-nique nautique\u00a0\u00bb) qui ne faisait que demander l\u2019ouverture des bassins ext\u00e9rieurs de la piscine municipale. <\/strong><\/p>\n<p>Dans une lettre port\u00e9e hier \u00e0 23h25 par des policiers municipaux en armes au pr\u00e9sident de notre association, Bruno Beschizza nous indique que les jardins de l&rsquo;H\u00f4tel de Ville ne sont pas ouverts \u00e0 ce type d&rsquo;activit\u00e9s familiales et pacifiques. Il nous propose de nous r\u00e9unir sur un endroit bien plus adapt\u00e9 pour un pique-nique&#8230; le bitume du parking du centre administratif\u00a0!<\/p>\n<p><a class=\"link-to-pdf\" title=\"2017-06-28-CP-final\" href=\"https:\/\/vivremieux-aulnay.fr\/wp-content\/uploads\/2017\/06\/2017-06-28-CP-final.pdf\" target=\"_blank\" rel=\"attachment wp-att-494 noopener\"><img loading=\"lazy\" decoding=\"async\" class=\"size-medium wp-image-495 thumb-of-pdf alignright\" src=\"https:\/\/vivremieux-aulnay.fr\/wp-content\/uploads\/2017\/06\/2017-06-28-CP-final-pdf-212x300.jpg\" alt=\"thumbnail of 2017-06-28-CP-final\" width=\"212\" height=\"300\" srcset=\"https:\/\/vivremieux-aulnay.fr\/wp-content\/uploads\/2017\/06\/2017-06-28-CP-final-pdf-212x300.jpg 212w, https:\/\/vivremieux-aulnay.fr\/wp-content\/uploads\/2017\/06\/2017-06-28-CP-final-pdf.jpg 723w\" sizes=\"auto, (max-width: 212px) 100vw, 212px\" \/><\/a>Les jardins de l&rsquo;H\u00f4tel de Ville, notre maison commune, ne seraient donc pas accessibles&#8230; Le dossier piscine doit sans doute continuer \u00e0 rester symboliquement \u00e0 distance des \u00e9lus comme c\u2019est le cas depuis 3 ans.<\/p>\n<p>Pas de bol pour le maire embarrass\u00e9 par quelques objets de natation gonflables, la manifestation soutenue par 10 organisations, est autoris\u00e9e par la pr\u00e9fecture de 18h45 \u00e0 21h. Notre association, comme les autres, ne compte donc pas rester au bord du bassin\u2026<\/p>\n<p><strong>Lib\u00e9rons notre maire de ses peurs nautiques en venant nombreux pour dire oui \u00e0 l\u2019ouverture des bassins ext\u00e9rieurs\u00a0!<\/strong><\/p>\n<p>&nbsp;<\/p>\n","protected":false},"excerpt":{"rendered":"<p>Aulnay-sous-Bois le 28 juin 2017: Le maire d\u2019Aulnay-sous-Bois, tente d\u2019emp\u00eacher une manifestation familiale festive (\u00ab\u00a0ap\u00e9ro-pique-nique nautique\u00a0\u00bb) qui ne faisait que demander l\u2019ouverture des bassins ext\u00e9rieurs de la piscine municipale. Dans une lettre port\u00e9e hier \u00e0 23h25 par des policiers municipaux en armes au pr\u00e9sident de notre association, Bruno Beschizza nous indique que les jardins de &hellip; <a href=\"https:\/\/vivremieux-aulnay.fr\/?p=492\" class=\"more-link\">Continuer la lecture de <span class=\"screen-reader-text\">Le maire aurait-il peur de canards gonflables\u00a0?<\/span> <span class=\"meta-nav\">&rarr;<\/span><\/a><\/p>\n","protected":false},"author":1,"featured_media":0,"comment_status":"open","ping_status":"open","sticky":false,"template":"","format":"standard","meta":{"footnotes":""},"categories":[16,8],"tags":[],"class_list":["post-492","post","type-post","status-publish","format-standard","hentry","category-communique","category-manifestation"],"_links":{"self":[{"href":"https:\/\/vivremieux-aulnay.fr\/index.php?rest_route=\/wp\/v2\/posts\/492","targetHints":{"allow":["GET"]}}],"collection":[{"href":"https:\/\/vivremieux-aulnay.fr\/index.php?rest_route=\/wp\/v2\/posts"}],"about":[{"href":"https:\/\/vivremieux-aulnay.fr\/index.php?rest_route=\/wp\/v2\/types\/post"}],"author":[{"embeddable":true,"href":"https:\/\/vivremieux-aulnay.fr\/index.php?rest_route=\/wp\/v2\/users\/1"}],"replies":[{"embeddable":true,"href":"https:\/\/vivremieux-aulnay.fr\/index.php?rest_route=%2Fwp%2Fv2%2Fcomments&post=492"}],"version-history":[{"count":2,"href":"https:\/\/vivremieux-aulnay.fr\/index.php?rest_route=\/wp\/v2\/posts\/492\/revisions"}],"predecessor-version":[{"id":497,"href":"https:\/\/vivremieux-aulnay.fr\/index.php?rest_route=\/wp\/v2\/posts\/492\/revisions\/497"}],"wp:attachment":[{"href":"https:\/\/vivremieux-aulnay.fr\/index.php?rest_route=%2Fwp%2Fv2%2Fmedia&parent=492"}],"wp:term":[{"taxonomy":"category","embeddable":true,"href":"https:\/\/vivremieux-aulnay.fr\/index.php?rest_route=%2Fwp%2Fv2%2Fcategories&post=492"},{"taxonomy":"post_tag","embeddable":true,"href":"https:\/\/vivremieux-aulnay.fr\/index.php?rest_route=%2Fwp%2Fv2%2Ftags&post=492"}],"curies":[{"name":"wp","href":"https:\/\/api.w.org\/{rel}","templated":true}]}}