{"id":487,"date":"2017-06-22T12:22:32","date_gmt":"2017-06-22T11:22:32","guid":{"rendered":"http:\/\/vivremieux-aulnay.fr\/?p=487"},"modified":"2017-06-22T12:22:32","modified_gmt":"2017-06-22T11:22:32","slug":"chaleur-etouffante-louverture-des-bassins-exterieurs-de-la-piscine-devient-une-urgence","status":"publish","type":"post","link":"https:\/\/vivremieux-aulnay.fr\/?p=487","title":{"rendered":"Chaleur \u00e9touffante : l\u2019ouverture des bassins ext\u00e9rieurs de la piscine devient une urgence !"},"content":{"rendered":"<p><a href=\"https:\/\/vivremieux-aulnay.fr\/wp-content\/uploads\/2017\/06\/tract-small.jpg\"><img loading=\"lazy\" decoding=\"async\" class=\"alignright size-medium wp-image-488\" src=\"https:\/\/vivremieux-aulnay.fr\/wp-content\/uploads\/2017\/06\/tract-small-211x300.jpg\" alt=\"\" width=\"211\" height=\"300\" srcset=\"https:\/\/vivremieux-aulnay.fr\/wp-content\/uploads\/2017\/06\/tract-small-211x300.jpg 211w, https:\/\/vivremieux-aulnay.fr\/wp-content\/uploads\/2017\/06\/tract-small.jpg 650w\" sizes=\"auto, (max-width: 211px) 100vw, 211px\" \/><\/a>VME participe \u00e0 l\u2019action de plusieurs associations pour revendiquer l\u2019ouverture de la piscine et invite les Aulnaysiens \u00e0 un ap\u00e9ro-pique-nique festif et nautique mercredi 28 avec serviette de plage, tongs\u2026 pour exiger fra\u00eecheur et d\u00e9tente ! Nous proc\u00e9derons en musique \u00e0 l\u2019inauguration d&rsquo;Aulnay-plage juste avant le conseil municipal.<\/p>\n<p><strong>Rendez-vous le mercredi 28 \u00e0 18h45 dans les jardins de l\u2019h\u00f4tel de ville.<\/strong><\/p>\n<p>En effet, depuis bient\u00f4t 3 ans la plus grande piscine du d\u00e9partement est ferm\u00e9e. Selon les propres services techniques de la ville (rapport interne du 22 avril 2015.), il \u00e9tait pourtant possible de rouvrir un \u00e9quipement enti\u00e8rement r\u00e9nov\u00e9 d\u00e8s d\u00e9but 2017. En attendant, nous pensons \u2013 comme d\u2019autres \u2013 qu\u2019il est r\u00e9alisable d\u2019ouvrir les bassins ext\u00e9rieurs rapidement (avec un acc\u00e8s aux personnes \u00e0 mobilit\u00e9 r\u00e9duites).<\/p>\n<p>Cet \u00e9quipement n\u2019est pas optionnel dans l\u2019un des d\u00e9partements o\u00f9 les enfants savent le moins nager et dans une ville o\u00f9 l\u2019offre pour la jeunesse a \u00e9t\u00e9 notablement r\u00e9duite, particuli\u00e8rement en \u00e9t\u00e9.<\/p>\n","protected":false},"excerpt":{"rendered":"<p>VME participe \u00e0 l\u2019action de plusieurs associations pour revendiquer l\u2019ouverture de la piscine et invite les Aulnaysiens \u00e0 un ap\u00e9ro-pique-nique festif et nautique mercredi 28 avec serviette de plage, tongs\u2026 pour exiger fra\u00eecheur et d\u00e9tente ! Nous proc\u00e9derons en musique \u00e0 l\u2019inauguration d&rsquo;Aulnay-plage juste avant le conseil municipal. Rendez-vous le mercredi 28 \u00e0 18h45 dans &hellip; <a href=\"https:\/\/vivremieux-aulnay.fr\/?p=487\" class=\"more-link\">Continuer la lecture de <span class=\"screen-reader-text\">Chaleur \u00e9touffante : l\u2019ouverture des bassins ext\u00e9rieurs de la piscine devient une urgence !<\/span> <span class=\"meta-nav\">&rarr;<\/span><\/a><\/p>\n","protected":false},"author":1,"featured_media":0,"comment_status":"open","ping_status":"open","sticky":false,"template":"","format":"standard","meta":{"footnotes":""},"categories":[16,8],"tags":[],"class_list":["post-487","post","type-post","status-publish","format-standard","hentry","category-communique","category-manifestation"],"_links":{"self":[{"href":"https:\/\/vivremieux-aulnay.fr\/index.php?rest_route=\/wp\/v2\/posts\/487","targetHints":{"allow":["GET"]}}],"collection":[{"href":"https:\/\/vivremieux-aulnay.fr\/index.php?rest_route=\/wp\/v2\/posts"}],"about":[{"href":"https:\/\/vivremieux-aulnay.fr\/index.php?rest_route=\/wp\/v2\/types\/post"}],"author":[{"embeddable":true,"href":"https:\/\/vivremieux-aulnay.fr\/index.php?rest_route=\/wp\/v2\/users\/1"}],"replies":[{"embeddable":true,"href":"https:\/\/vivremieux-aulnay.fr\/index.php?rest_route=%2Fwp%2Fv2%2Fcomments&post=487"}],"version-history":[{"count":3,"href":"https:\/\/vivremieux-aulnay.fr\/index.php?rest_route=\/wp\/v2\/posts\/487\/revisions"}],"predecessor-version":[{"id":491,"href":"https:\/\/vivremieux-aulnay.fr\/index.php?rest_route=\/wp\/v2\/posts\/487\/revisions\/491"}],"wp:attachment":[{"href":"https:\/\/vivremieux-aulnay.fr\/index.php?rest_route=%2Fwp%2Fv2%2Fmedia&parent=487"}],"wp:term":[{"taxonomy":"category","embeddable":true,"href":"https:\/\/vivremieux-aulnay.fr\/index.php?rest_route=%2Fwp%2Fv2%2Fcategories&post=487"},{"taxonomy":"post_tag","embeddable":true,"href":"https:\/\/vivremieux-aulnay.fr\/index.php?rest_route=%2Fwp%2Fv2%2Ftags&post=487"}],"curies":[{"name":"wp","href":"https:\/\/api.w.org\/{rel}","templated":true}]}}