{"id":478,"date":"2017-05-31T10:55:04","date_gmt":"2017-05-31T09:55:04","guid":{"rendered":"http:\/\/vivremieux-aulnay.fr\/?p=478"},"modified":"2017-05-31T10:55:04","modified_gmt":"2017-05-31T09:55:04","slug":"invitation-le-8-juin-le-projet-qui-empeche-les-promoteurs-deuropacity-de-dormir","status":"publish","type":"post","link":"https:\/\/vivremieux-aulnay.fr\/?p=478","title":{"rendered":"Invitation le 8 juin: Le projet qui emp\u00eache les promoteurs d&rsquo;EuropaCity de dormir\u00a0!"},"content":{"rendered":"<p><strong><a class=\"link-to-pdf\" title=\"rencontre_du_8_juin_2017.compressed\" href=\"https:\/\/vivremieux-aulnay.fr\/wp-content\/uploads\/2017\/05\/rencontre_du_8_juin_2017.compressed.pdf\" target=\"_blank\" rel=\"attachment wp-att-481 noopener noreferrer\"><img loading=\"lazy\" decoding=\"async\" class=\"alignright size-medium wp-image-482 thumb-of-pdf\" src=\"https:\/\/vivremieux-aulnay.fr\/wp-content\/uploads\/2017\/05\/rencontre_du_8_juin_2017.compressed-pdf-232x300.jpg\" alt=\"thumbnail of rencontre_du_8_juin_2017.compressed\" width=\"232\" height=\"300\" srcset=\"https:\/\/vivremieux-aulnay.fr\/wp-content\/uploads\/2017\/05\/rencontre_du_8_juin_2017.compressed-pdf-232x300.jpg 232w, https:\/\/vivremieux-aulnay.fr\/wp-content\/uploads\/2017\/05\/rencontre_du_8_juin_2017.compressed-pdf-768x994.jpg 768w, https:\/\/vivremieux-aulnay.fr\/wp-content\/uploads\/2017\/05\/rencontre_du_8_juin_2017.compressed-pdf.jpg 791w\" sizes=\"auto, (max-width: 232px) 100vw, 232px\" \/><\/a>Venez d\u00e9couvrir un projet phare r\u00e9gional aux portes d\u2019Aulnay consacr\u00e9 \u00e0 l\u2019agriculture urbaine et p\u00e9ri-urbaine et aux territoires en transition<\/strong>.<br \/>\nLe groupement CARMA a en effet mis au point un projet alternatif sur le triangle de Gonesse, il sera pr\u00e9sent salle Dumont. CARMA est un groupement r\u00e9unissant Terres de Lien, Les AMAP, Biocoop, France Nature Environnement, Fermes d\u2019Avenir, Commerce de France\u2026<br \/>\nCette rencontre sera une bonne occasion de mieux cerner l\u2019immense opportunit\u00e9 que repr\u00e9sentent ces 700 ha en bordure imm\u00e9diate d\u2019Aulnay&#8230; pour cr\u00e9er des emplois durables et pr\u00e9server notre commerce de proximit\u00e9, et les terres agricoles pour les g\u00e9n\u00e9rations futures\u00a0!<br \/>\nCe projet r\u00e9solument humain et environnemental est pr\u00e9sent\u00e9 le d\u00e9but juin \u00e0 la mairie de Paris, le 8 \u00e0 Aulnay-sous-Bois\u00a0! Venez comprendre comment saisir cette chance\u00a0:<\/p>\n<p style=\"text-align: center;\"><strong>Jeudi 8 juin 2017 \u00e0 19h45<\/strong> salle Dumont avec<br \/>\n<strong>Robert Spizzichino<\/strong> ing\u00e9nieur architecte, pilote du projet Carma<\/p>\n<p style=\"text-align: center;\"><a href=\"https:\/\/vivremieux-aulnay.fr\/wp-content\/uploads\/2017\/05\/arton12296-623b2.jpg\"><img loading=\"lazy\" decoding=\"async\" class=\"aligncenter size-medium wp-image-483\" src=\"https:\/\/vivremieux-aulnay.fr\/wp-content\/uploads\/2017\/05\/arton12296-623b2-300x181.jpg\" alt=\"\" width=\"300\" height=\"181\" srcset=\"https:\/\/vivremieux-aulnay.fr\/wp-content\/uploads\/2017\/05\/arton12296-623b2-300x181.jpg 300w, https:\/\/vivremieux-aulnay.fr\/wp-content\/uploads\/2017\/05\/arton12296-623b2.jpg 696w\" sizes=\"auto, (max-width: 300px) 100vw, 300px\" \/><\/a><\/p>\n","protected":false},"excerpt":{"rendered":"<p>Venez d\u00e9couvrir un projet phare r\u00e9gional aux portes d\u2019Aulnay consacr\u00e9 \u00e0 l\u2019agriculture urbaine et p\u00e9ri-urbaine et aux territoires en transition. Le groupement CARMA a en effet mis au point un projet alternatif sur le triangle de Gonesse, il sera pr\u00e9sent salle Dumont. CARMA est un groupement r\u00e9unissant Terres de Lien, Les AMAP, Biocoop, France Nature &hellip; <a href=\"https:\/\/vivremieux-aulnay.fr\/?p=478\" class=\"more-link\">Continuer la lecture de <span class=\"screen-reader-text\">Invitation le 8 juin: Le projet qui emp\u00eache les promoteurs d&rsquo;EuropaCity de dormir\u00a0!<\/span> <span class=\"meta-nav\">&rarr;<\/span><\/a><\/p>\n","protected":false},"author":1,"featured_media":0,"comment_status":"open","ping_status":"open","sticky":false,"template":"","format":"standard","meta":{"footnotes":""},"categories":[3,17],"tags":[],"class_list":["post-478","post","type-post","status-publish","format-standard","hentry","category-les-rencontres-aulnaysiennes-de-vme","category-europacity"],"_links":{"self":[{"href":"https:\/\/vivremieux-aulnay.fr\/index.php?rest_route=\/wp\/v2\/posts\/478","targetHints":{"allow":["GET"]}}],"collection":[{"href":"https:\/\/vivremieux-aulnay.fr\/index.php?rest_route=\/wp\/v2\/posts"}],"about":[{"href":"https:\/\/vivremieux-aulnay.fr\/index.php?rest_route=\/wp\/v2\/types\/post"}],"author":[{"embeddable":true,"href":"https:\/\/vivremieux-aulnay.fr\/index.php?rest_route=\/wp\/v2\/users\/1"}],"replies":[{"embeddable":true,"href":"https:\/\/vivremieux-aulnay.fr\/index.php?rest_route=%2Fwp%2Fv2%2Fcomments&post=478"}],"version-history":[{"count":3,"href":"https:\/\/vivremieux-aulnay.fr\/index.php?rest_route=\/wp\/v2\/posts\/478\/revisions"}],"predecessor-version":[{"id":484,"href":"https:\/\/vivremieux-aulnay.fr\/index.php?rest_route=\/wp\/v2\/posts\/478\/revisions\/484"}],"wp:attachment":[{"href":"https:\/\/vivremieux-aulnay.fr\/index.php?rest_route=%2Fwp%2Fv2%2Fmedia&parent=478"}],"wp:term":[{"taxonomy":"category","embeddable":true,"href":"https:\/\/vivremieux-aulnay.fr\/index.php?rest_route=%2Fwp%2Fv2%2Fcategories&post=478"},{"taxonomy":"post_tag","embeddable":true,"href":"https:\/\/vivremieux-aulnay.fr\/index.php?rest_route=%2Fwp%2Fv2%2Ftags&post=478"}],"curies":[{"name":"wp","href":"https:\/\/api.w.org\/{rel}","templated":true}]}}