{"id":474,"date":"2017-05-21T22:56:17","date_gmt":"2017-05-21T21:56:17","guid":{"rendered":"http:\/\/vivremieux-aulnay.fr\/?p=474"},"modified":"2017-05-31T11:13:32","modified_gmt":"2017-05-31T10:13:32","slug":"des-radis-pas-de-piste-de-ski-grosse-manif-contre-europacity","status":"publish","type":"post","link":"https:\/\/vivremieux-aulnay.fr\/?p=474","title":{"rendered":"\u00ab\u00a0Des radis, pas de piste de ski!\u00a0\u00bb &#8211; grosse manif contre EuropaCity"},"content":{"rendered":"<figure id=\"attachment_475\" aria-describedby=\"caption-attachment-475\" style=\"width: 604px\" class=\"wp-caption alignnone\"><a href=\"https:\/\/vivremieux-aulnay.fr\/wp-content\/uploads\/2017\/05\/DAW5AClXgAAtAuy.jpg\"><img loading=\"lazy\" decoding=\"async\" class=\"size-large wp-image-475\" src=\"https:\/\/vivremieux-aulnay.fr\/wp-content\/uploads\/2017\/05\/DAW5AClXgAAtAuy-1024x358.jpg\" alt=\"\" width=\"604\" height=\"211\" srcset=\"https:\/\/vivremieux-aulnay.fr\/wp-content\/uploads\/2017\/05\/DAW5AClXgAAtAuy-1024x358.jpg 1024w, https:\/\/vivremieux-aulnay.fr\/wp-content\/uploads\/2017\/05\/DAW5AClXgAAtAuy-300x105.jpg 300w, https:\/\/vivremieux-aulnay.fr\/wp-content\/uploads\/2017\/05\/DAW5AClXgAAtAuy-768x268.jpg 768w, https:\/\/vivremieux-aulnay.fr\/wp-content\/uploads\/2017\/05\/DAW5AClXgAAtAuy.jpg 1200w\" sizes=\"auto, (max-width: 604px) 100vw, 604px\" \/><\/a><figcaption id=\"caption-attachment-475\" class=\"wp-caption-text\">Manifestation ce jour contre EuropaCity<\/figcaption><\/figure>\n<p>De nombreux membres de notre association ont particip\u00e9 \u00e0 la grande journ\u00e9e d&rsquo;action contre EuropaCity organis\u00e9e par le CPTG. Nous restons mobilis\u00e9s contre ce grand projet inutile. Le 8 et 9 juillet, les militants contre EuropaCity seront les invit\u00e9s d&rsquo;honneur de la ZAD \u00e0 Notre Dame des Landes. Bref, nous ne l\u00e2cherons pas.<\/p>\n","protected":false},"excerpt":{"rendered":"<p>De nombreux membres de notre association ont particip\u00e9 \u00e0 la grande journ\u00e9e d&rsquo;action contre EuropaCity organis\u00e9e par le CPTG. Nous restons mobilis\u00e9s contre ce grand projet inutile. Le 8 et 9 juillet, les militants contre EuropaCity seront les invit\u00e9s d&rsquo;honneur de la ZAD \u00e0 Notre Dame des Landes. Bref, nous ne l\u00e2cherons pas.<\/p>\n","protected":false},"author":1,"featured_media":0,"comment_status":"open","ping_status":"open","sticky":false,"template":"","format":"standard","meta":{"footnotes":""},"categories":[17],"tags":[],"class_list":["post-474","post","type-post","status-publish","format-standard","hentry","category-europacity"],"_links":{"self":[{"href":"https:\/\/vivremieux-aulnay.fr\/index.php?rest_route=\/wp\/v2\/posts\/474","targetHints":{"allow":["GET"]}}],"collection":[{"href":"https:\/\/vivremieux-aulnay.fr\/index.php?rest_route=\/wp\/v2\/posts"}],"about":[{"href":"https:\/\/vivremieux-aulnay.fr\/index.php?rest_route=\/wp\/v2\/types\/post"}],"author":[{"embeddable":true,"href":"https:\/\/vivremieux-aulnay.fr\/index.php?rest_route=\/wp\/v2\/users\/1"}],"replies":[{"embeddable":true,"href":"https:\/\/vivremieux-aulnay.fr\/index.php?rest_route=%2Fwp%2Fv2%2Fcomments&post=474"}],"version-history":[{"count":2,"href":"https:\/\/vivremieux-aulnay.fr\/index.php?rest_route=\/wp\/v2\/posts\/474\/revisions"}],"predecessor-version":[{"id":485,"href":"https:\/\/vivremieux-aulnay.fr\/index.php?rest_route=\/wp\/v2\/posts\/474\/revisions\/485"}],"wp:attachment":[{"href":"https:\/\/vivremieux-aulnay.fr\/index.php?rest_route=%2Fwp%2Fv2%2Fmedia&parent=474"}],"wp:term":[{"taxonomy":"category","embeddable":true,"href":"https:\/\/vivremieux-aulnay.fr\/index.php?rest_route=%2Fwp%2Fv2%2Fcategories&post=474"},{"taxonomy":"post_tag","embeddable":true,"href":"https:\/\/vivremieux-aulnay.fr\/index.php?rest_route=%2Fwp%2Fv2%2Ftags&post=474"}],"curies":[{"name":"wp","href":"https:\/\/api.w.org\/{rel}","templated":true}]}}