{"id":465,"date":"2017-05-14T09:29:26","date_gmt":"2017-05-14T08:29:26","guid":{"rendered":"http:\/\/vivremieux-aulnay.fr\/?p=465"},"modified":"2017-05-14T09:29:53","modified_gmt":"2017-05-14T08:29:53","slug":"pique-nique-de-vme-journee-daction-contre-europacity","status":"publish","type":"post","link":"https:\/\/vivremieux-aulnay.fr\/?p=465","title":{"rendered":"Pique-nique de VME \/ journ\u00e9e d&rsquo;action contre EuropaCity"},"content":{"rendered":"<p style=\"text-align: left;\"><a class=\"link-to-pdf\" title=\"Fertile_sterrile_21_mai_vf_web\" href=\"https:\/\/vivremieux-aulnay.fr\/wp-content\/uploads\/2017\/05\/Fertile_sterrile_21_mai_vf_web.pdf\" target=\"_blank\" rel=\"attachment wp-att-469 noopener noreferrer\"><img loading=\"lazy\" decoding=\"async\" class=\"size-medium wp-image-470 thumb-of-pdf alignright\" src=\"https:\/\/vivremieux-aulnay.fr\/wp-content\/uploads\/2017\/05\/Fertile_sterrile_21_mai_vf_web-pdf-212x300.jpg\" alt=\"thumbnail of Fertile_sterrile_21_mai_vf_web\" width=\"212\" height=\"300\" srcset=\"https:\/\/vivremieux-aulnay.fr\/wp-content\/uploads\/2017\/05\/Fertile_sterrile_21_mai_vf_web-pdf-212x300.jpg 212w, https:\/\/vivremieux-aulnay.fr\/wp-content\/uploads\/2017\/05\/Fertile_sterrile_21_mai_vf_web-pdf.jpg 724w\" sizes=\"auto, (max-width: 212px) 100vw, 212px\" \/><\/a>Nous profiterons de la grande journ\u00e9e de manifestation contre EuropaCity dimanche prochain pour y faire notre pique-nique annuel. Nous vous invitons toutes et tous, famille et amis \u00e0 vous joindre \u00e0 cette journ\u00e9e:<\/p>\n<p style=\"text-align: center;\"><strong>Pour sauver les terres pr\u00e8s de Paris<\/strong><br \/>\n<strong> Plantons, marchons contre le m\u00e9gaprojet Europacity \u00e0 Gonesse<\/strong><br \/>\n<strong> RDV dimanche 21 mai 10h-18h<\/strong><br \/>\n<strong> 10h-plantations d\u2019un champ, 12h-piquenique et bal paysan, 14h30-manifestation..<\/strong><\/p>\n<p>Avec le Collectif pour le Triangle de Gonesse (CPTG), des associations, des syndicats, des citoyens, indign\u00e9s par ce projet nuisible et co\u00fbteux en argent public, lancent un appel \u00e0 la mobilisation. La journ\u00e9e du 21 mai s&rsquo;inscrit dans le cadre de la campagne nationale des AMAP : \u00ab Nous produisons, Nous mangeons, Nous d\u00e9cidons \u00bb<\/p>\n<p>Pour venir<\/p>\n<ul>\n<li>RER B devant la gare Parc des expositions (sortie avenue des Nations), des b\u00e9n\u00e9voles seront pr\u00e9sents en gilets jaunes pour vous accueillir.<\/li>\n<li>En covoiturage : stationnez sur la zone commerciale de Paris Nord 2 puis rendez-vous derrie\u0300re IKEA point d\u2019accueil apre\u0300s le pont re\u0301serve\u0301 au bus au-dessus de l\u2019A1,<\/li>\n<li>A ve\u0301lo : Au choix arrive\u0301e co\u0302te\u0301 Gonesse, de la mairie toujours tout droit jusqu\u2019a\u0300 la Patte d\u2019Oie de Gonesse, ou arrive\u0301e co\u0302te\u0301 Paris Nord 2, voir carte ci-dessous, les pointille\u0301s sont cyclables.<\/li>\n<\/ul>\n<p><img loading=\"lazy\" decoding=\"async\" class=\"aligncenter size-medium wp-image-467\" src=\"https:\/\/vivremieux-aulnay.fr\/wp-content\/uploads\/2017\/05\/Appel-21-mai-Plantons-marchons-contre-EuropaCity-300x232.jpg\" alt=\"\" width=\"300\" height=\"232\" srcset=\"https:\/\/vivremieux-aulnay.fr\/wp-content\/uploads\/2017\/05\/Appel-21-mai-Plantons-marchons-contre-EuropaCity-300x232.jpg 300w, https:\/\/vivremieux-aulnay.fr\/wp-content\/uploads\/2017\/05\/Appel-21-mai-Plantons-marchons-contre-EuropaCity.jpg 600w\" sizes=\"auto, (max-width: 300px) 100vw, 300px\" \/><\/p>\n<p><a class=\"link-to-pdf\" title=\"Appel-21-mai-Plantons-marchons-contre-EuropaCity\" href=\"https:\/\/vivremieux-aulnay.fr\/wp-content\/uploads\/2017\/05\/Appel-21-mai-Plantons-marchons-contre-EuropaCity.pdf\" target=\"_blank\" rel=\"attachment wp-att-471 noopener noreferrer\"><img loading=\"lazy\" decoding=\"async\" class=\"aligncenter size-medium wp-image-472 thumb-of-pdf\" src=\"https:\/\/vivremieux-aulnay.fr\/wp-content\/uploads\/2017\/05\/Appel-21-mai-Plantons-marchons-contre-EuropaCity-pdf-214x300.jpg\" alt=\"thumbnail of Appel-21-mai-Plantons-marchons-contre-EuropaCity\" width=\"214\" height=\"300\" srcset=\"https:\/\/vivremieux-aulnay.fr\/wp-content\/uploads\/2017\/05\/Appel-21-mai-Plantons-marchons-contre-EuropaCity-pdf-214x300.jpg 214w, https:\/\/vivremieux-aulnay.fr\/wp-content\/uploads\/2017\/05\/Appel-21-mai-Plantons-marchons-contre-EuropaCity-pdf.jpg 732w\" sizes=\"auto, (max-width: 214px) 100vw, 214px\" \/><\/a>Pour information VME a modestement particip\u00e9 au recours contre EuropaCity du collectif d&rsquo;association CPTG.\u00a0 Ce collectif ne re\u00e7oit aucune subvention d&rsquo;institutions publiques ni de soci\u00e9t\u00e9s priv\u00e9es et ne\u00a0 peut compter que sur les dons de ses adh\u00e9rents et amis. Cela entra\u00eene d&rsquo;importants frais de proc\u00e9dure en imposant de r\u00e9mun\u00e9rer les avocats professionnels qui conseillent d\u00e9j\u00e0 depuis plusieurs mois et qui sont agr\u00e9\u00e9s aupr\u00e8s des Tribunaux comp\u00e9tents sur CERGY, PARIS et BRUXELLES. <a href=\"http:\/\/nonaeuropacity.com\/faire-un-don\">Pour faire un don cliquez ici<\/a>.<\/p>\n<p>Par ailleurs le CPTG demande un coup de main pour l&rsquo;organisation. <a href=\"https:\/\/goo.gl\/forms\/GizMt0VXvxWtg8iM2\">Vous pouvez inscrire ici<\/a>.<\/p>\n<p>A dimanche !<\/p>\n","protected":false},"excerpt":{"rendered":"<p>Nous profiterons de la grande journ\u00e9e de manifestation contre EuropaCity dimanche prochain pour y faire notre pique-nique annuel. Nous vous invitons toutes et tous, famille et amis \u00e0 vous joindre \u00e0 cette journ\u00e9e: Pour sauver les terres pr\u00e8s de Paris Plantons, marchons contre le m\u00e9gaprojet Europacity \u00e0 Gonesse RDV dimanche 21 mai 10h-18h 10h-plantations d\u2019un &hellip; <a href=\"https:\/\/vivremieux-aulnay.fr\/?p=465\" class=\"more-link\">Continuer la lecture de <span class=\"screen-reader-text\">Pique-nique de VME \/ journ\u00e9e d&rsquo;action contre EuropaCity<\/span> <span class=\"meta-nav\">&rarr;<\/span><\/a><\/p>\n","protected":false},"author":1,"featured_media":0,"comment_status":"open","ping_status":"open","sticky":false,"template":"","format":"standard","meta":{"footnotes":""},"categories":[8,17],"tags":[],"class_list":["post-465","post","type-post","status-publish","format-standard","hentry","category-manifestation","category-europacity"],"_links":{"self":[{"href":"https:\/\/vivremieux-aulnay.fr\/index.php?rest_route=\/wp\/v2\/posts\/465","targetHints":{"allow":["GET"]}}],"collection":[{"href":"https:\/\/vivremieux-aulnay.fr\/index.php?rest_route=\/wp\/v2\/posts"}],"about":[{"href":"https:\/\/vivremieux-aulnay.fr\/index.php?rest_route=\/wp\/v2\/types\/post"}],"author":[{"embeddable":true,"href":"https:\/\/vivremieux-aulnay.fr\/index.php?rest_route=\/wp\/v2\/users\/1"}],"replies":[{"embeddable":true,"href":"https:\/\/vivremieux-aulnay.fr\/index.php?rest_route=%2Fwp%2Fv2%2Fcomments&post=465"}],"version-history":[{"count":2,"href":"https:\/\/vivremieux-aulnay.fr\/index.php?rest_route=\/wp\/v2\/posts\/465\/revisions"}],"predecessor-version":[{"id":473,"href":"https:\/\/vivremieux-aulnay.fr\/index.php?rest_route=\/wp\/v2\/posts\/465\/revisions\/473"}],"wp:attachment":[{"href":"https:\/\/vivremieux-aulnay.fr\/index.php?rest_route=%2Fwp%2Fv2%2Fmedia&parent=465"}],"wp:term":[{"taxonomy":"category","embeddable":true,"href":"https:\/\/vivremieux-aulnay.fr\/index.php?rest_route=%2Fwp%2Fv2%2Fcategories&post=465"},{"taxonomy":"post_tag","embeddable":true,"href":"https:\/\/vivremieux-aulnay.fr\/index.php?rest_route=%2Fwp%2Fv2%2Ftags&post=465"}],"curies":[{"name":"wp","href":"https:\/\/api.w.org\/{rel}","templated":true}]}}