{"id":455,"date":"2017-04-01T21:08:37","date_gmt":"2017-04-01T20:08:37","guid":{"rendered":"http:\/\/vivremieux-aulnay.fr\/?p=455"},"modified":"2017-11-23T11:55:39","modified_gmt":"2017-11-23T10:55:39","slug":"invitation-le-13-avril-ma-mere-patrie-face-aux-attentats-restons-unis","status":"publish","type":"post","link":"https:\/\/vivremieux-aulnay.fr\/?p=455","title":{"rendered":"Invitation le 13 avril : Ma m\u00e8re patrie, face aux attentats restons unis"},"content":{"rendered":"<p><a class=\"link-to-pdf\" title=\"rencontre du 13 avril 2017b\" href=\"https:\/\/vivremieux-aulnay.fr\/wp-content\/uploads\/2017\/04\/rencontre-du-13-avril-2017b.pdf\" target=\"_blank\" rel=\"attachment noopener wp-att-461\"><img loading=\"lazy\" decoding=\"async\" class=\"alignright size-medium wp-image-462 thumb-of-pdf\" src=\"https:\/\/vivremieux-aulnay.fr\/wp-content\/uploads\/2017\/04\/rencontre-du-13-avril-2017b-pdf-232x300.jpg\" alt=\"thumbnail of rencontre du 13 avril 2017b\" width=\"232\" height=\"300\" srcset=\"https:\/\/vivremieux-aulnay.fr\/wp-content\/uploads\/2017\/04\/rencontre-du-13-avril-2017b-pdf-232x300.jpg 232w, https:\/\/vivremieux-aulnay.fr\/wp-content\/uploads\/2017\/04\/rencontre-du-13-avril-2017b-pdf-768x994.jpg 768w, https:\/\/vivremieux-aulnay.fr\/wp-content\/uploads\/2017\/04\/rencontre-du-13-avril-2017b-pdf.jpg 791w\" sizes=\"auto, (max-width: 232px) 100vw, 232px\" \/><\/a>Le 14 juillet 2016, sur la promenade des Anglais, Fatima Charrihi meurt. C\u2019est la premi\u00e8re victime de l\u2019attentat terroriste de Nice qui fera 86 morts. Le drame.<br \/>\nHanane Charrihi, sa fille, choisit les mots qui apaisent pour entamer son deuil. Cette pr\u00e9paratrice en pharmacie de 27 ans est fran\u00e7aise, aulnaysienne et musulmane. Elle rend un bel hommage \u00e0 sa m\u00e8re dans son livre Ma M\u00e8re patrie, \u00e9crit avec la journaliste Elena Brunet.<br \/>\nElle raconte ce drame avec finesse, intelligence et \u00e9motion, parlant de sa m\u00e8re aimante, attentive, exigeante aussi. Nous rentrons ainsi dans l\u2019histoire d\u2019une famille fran\u00e7aise, dans son parcours du Haut Atlas marocain \u00e0 Nice, son profond attachement \u00e0 la France, sa pratique de l\u2019islam. Nous d\u00e9couvrons son refus de la violence, de sa souffrance face aux amalgames et \u00e0 la haine dont elle a \u00e9t\u00e9 victime mais aussi de nombreux \u00e9lans de solidarit\u00e9\u2026 Elle transmet un message de paix, de tol\u00e9rance et un espoir d\u2019unit\u00e9. Nous vous invitons \u00e0 rencontrer\u00a0:<\/p>\n<p style=\"text-align: center;\">Jeudi 13 avril 2017 \u00e0 19h45 salle Dumont<br \/>\n<strong>Hanane Charrihi et Elena Brunet<\/strong><br \/>\nAuteures de\u00a0:<br \/>\n<strong>Ma m\u00e8re patrie<br \/>\nFace aux attentats restons unis<\/strong><\/p>\n","protected":false},"excerpt":{"rendered":"<p>Le 14 juillet 2016, sur la promenade des Anglais, Fatima Charrihi meurt. C\u2019est la premi\u00e8re victime de l\u2019attentat terroriste de Nice qui fera 86 morts. Le drame. Hanane Charrihi, sa fille, choisit les mots qui apaisent pour entamer son deuil. Cette pr\u00e9paratrice en pharmacie de 27 ans est fran\u00e7aise, aulnaysienne et musulmane. Elle rend un &hellip; <a href=\"https:\/\/vivremieux-aulnay.fr\/?p=455\" class=\"more-link\">Continuer la lecture de <span class=\"screen-reader-text\">Invitation le 13 avril : Ma m\u00e8re patrie, face aux attentats restons unis<\/span> <span class=\"meta-nav\">&rarr;<\/span><\/a><\/p>\n","protected":false},"author":1,"featured_media":0,"comment_status":"open","ping_status":"open","sticky":false,"template":"","format":"standard","meta":{"footnotes":""},"categories":[18,3],"tags":[],"class_list":["post-455","post","type-post","status-publish","format-standard","hentry","category-discriminations","category-les-rencontres-aulnaysiennes-de-vme"],"_links":{"self":[{"href":"https:\/\/vivremieux-aulnay.fr\/index.php?rest_route=\/wp\/v2\/posts\/455","targetHints":{"allow":["GET"]}}],"collection":[{"href":"https:\/\/vivremieux-aulnay.fr\/index.php?rest_route=\/wp\/v2\/posts"}],"about":[{"href":"https:\/\/vivremieux-aulnay.fr\/index.php?rest_route=\/wp\/v2\/types\/post"}],"author":[{"embeddable":true,"href":"https:\/\/vivremieux-aulnay.fr\/index.php?rest_route=\/wp\/v2\/users\/1"}],"replies":[{"embeddable":true,"href":"https:\/\/vivremieux-aulnay.fr\/index.php?rest_route=%2Fwp%2Fv2%2Fcomments&post=455"}],"version-history":[{"count":4,"href":"https:\/\/vivremieux-aulnay.fr\/index.php?rest_route=\/wp\/v2\/posts\/455\/revisions"}],"predecessor-version":[{"id":537,"href":"https:\/\/vivremieux-aulnay.fr\/index.php?rest_route=\/wp\/v2\/posts\/455\/revisions\/537"}],"wp:attachment":[{"href":"https:\/\/vivremieux-aulnay.fr\/index.php?rest_route=%2Fwp%2Fv2%2Fmedia&parent=455"}],"wp:term":[{"taxonomy":"category","embeddable":true,"href":"https:\/\/vivremieux-aulnay.fr\/index.php?rest_route=%2Fwp%2Fv2%2Fcategories&post=455"},{"taxonomy":"post_tag","embeddable":true,"href":"https:\/\/vivremieux-aulnay.fr\/index.php?rest_route=%2Fwp%2Fv2%2Ftags&post=455"}],"curies":[{"name":"wp","href":"https:\/\/api.w.org\/{rel}","templated":true}]}}